{"id":7068,"date":"2016-07-07T18:24:46","date_gmt":"2016-07-07T21:24:46","guid":{"rendered":"http:\/\/www.ifbaiano.edu.br\/unidades\/santaines\/?p=7068"},"modified":"2016-08-04T10:01:53","modified_gmt":"2016-08-04T13:01:53","slug":"if-baiano-campus-santa-ines-convoca-candidatos-da-lista-de-espera-do-sisu-2016-2","status":"publish","type":"post","link":"https:\/\/www.ifbaiano.edu.br\/unidades\/santaines\/if-baiano-campus-santa-ines-convoca-candidatos-da-lista-de-espera-do-sisu-2016-2\/","title":{"rendered":"IF Baiano Campus Santa In\u00eas convoca candidatos da lista de espera do SiSU 2016.2"},"content":{"rendered":"<p>O IF Baiano Campus Santa In\u00eas convoca os candidatos da lista de espera do Sistema de Sele\u00e7\u00e3o Unificada (SiSU) 2016.2 para reuni\u00e3o sobre o preenchimento de vagas na Institui\u00e7\u00e3o.<\/p>\n<p>A reuni\u00e3o acontecer\u00e1 no dia 19 de julho, \u00e0s 09h00min.<\/p>\n<p>Na reuni\u00e3o, os candidatos chamados devem portar a documenta\u00e7\u00e3o necess\u00e1ria \u00e0 matr\u00edcula no curso \u2013 conforme item 4.3.1 do Edital N\u00ba. 39\/2016, de 27 de maio de 2016.<\/p>\n<p>Todos os detalhes e orienta\u00e7\u00f5es est\u00e3o presentes na Convoca\u00e7\u00e3o.<\/p>\n<p>Para acompanhar o Processo Seletivo de Ingresso de Estudantes da Educa\u00e7\u00e3o Superior pelo SiSU, acesse:\u00a0<a href=\"http:\/\/concurso.ifbaiano.edu.br\/portal\/sisu-2016-2\/\" target=\"_blank\">http:\/\/concurso.ifbaiano.edu.br\/portal\/sisu-2016-2\/<\/a><\/p>\n","protected":false},"excerpt":{"rendered":"<p>07\/07\/2016 &#8211; A reuni\u00e3o acontecer\u00e1 no dia 19 de julho, \u00e0s 09h00min. <\/p>\n","protected":false},"author":1,"featured_media":0,"comment_status":"closed","ping_status":"closed","sticky":false,"template":"","format":"standard","meta":[],"categories":[12,10,8],"tags":[],"_links":{"self":[{"href":"https:\/\/www.ifbaiano.edu.br\/unidades\/santaines\/wp-json\/wp\/v2\/posts\/7068"}],"collection":[{"href":"https:\/\/www.ifbaiano.edu.br\/unidades\/santaines\/wp-json\/wp\/v2\/posts"}],"about":[{"href":"https:\/\/www.ifbaiano.edu.br\/unidades\/santaines\/wp-json\/wp\/v2\/types\/post"}],"author":[{"embeddable":true,"href":"https:\/\/www.ifbaiano.edu.br\/unidades\/santaines\/wp-json\/wp\/v2\/users\/1"}],"replies":[{"embeddable":true,"href":"https:\/\/www.ifbaiano.edu.br\/unidades\/santaines\/wp-json\/wp\/v2\/comments?post=7068"}],"version-history":[{"count":3,"href":"https:\/\/www.ifbaiano.edu.br\/unidades\/santaines\/wp-json\/wp\/v2\/posts\/7068\/revisions"}],"predecessor-version":[{"id":7070,"href":"https:\/\/www.ifbaiano.edu.br\/unidades\/santaines\/wp-json\/wp\/v2\/posts\/7068\/revisions\/7070"}],"wp:attachment":[{"href":"https:\/\/www.ifbaiano.edu.br\/unidades\/santaines\/wp-json\/wp\/v2\/media?parent=7068"}],"wp:term":[{"taxonomy":"category","embeddable":true,"href":"https:\/\/www.ifbaiano.edu.br\/unidades\/santaines\/wp-json\/wp\/v2\/categories?post=7068"},{"taxonomy":"post_tag","embeddable":true,"href":"https:\/\/www.ifbaiano.edu.br\/unidades\/santaines\/wp-json\/wp\/v2\/tags?post=7068"}],"curies":[{"name":"wp","href":"https:\/\/api.w.org\/{rel}","templated":true}]}}