{"id":7082,"date":"2016-09-09T14:18:17","date_gmt":"2016-09-09T17:18:17","guid":{"rendered":"http:\/\/www.ifbaiano.edu.br\/unidades\/santaines\/?p=7082"},"modified":"2016-12-20T11:48:18","modified_gmt":"2016-12-20T14:48:18","slug":"selecao-de-monitores-bolsistas-para-os-cursos-profissionais-tecnicos-de-nivel-medio","status":"publish","type":"post","link":"https:\/\/www.ifbaiano.edu.br\/unidades\/santaines\/selecao-de-monitores-bolsistas-para-os-cursos-profissionais-tecnicos-de-nivel-medio\/","title":{"rendered":"Sele\u00e7\u00e3o para Monitores Bolsistas Cursos T\u00e9cnicos de N\u00edvel M\u00e9dio &#8211; Resultado Final"},"content":{"rendered":"<h2 style=\"text-align: justify\">Aten\u00e7\u00e3o discentes!<\/h2>\n<p>05\/09\/2016 &#8211; Resultado FINAL da Sele\u00e7\u00e3o para Monitores dos Cursos T\u00e9cnicos<\/p>\n<p>ACESSE AQUI A\u00a0<strong><a href=\"http:\/\/www.ifbaiano.edu.br\/unidades\/santaines\/files\/2016\/08\/RESULTADO_Final_02_09_16.pdf\" target=\"_blank\">LISTA DO RESULTADO FINAL DA SELE\u00c7AO DE MONITORES PARA OS CURSOS T\u00c9CNICOS<\/a><\/strong><\/p>\n<p>IFBaiano &#8211; Campus Santa In\u00eas<br \/>\n05\/09\/02016<\/p>\n<p><!--more--><\/p>\n<h3 style=\"text-align: justify\"><strong>Aten\u00e7\u00e3o discentes!<\/strong><\/h3>\n<p>31\/08\/2016 &#8211; Prorroga\u00e7\u00e3o de prazos do edital \u00a0n\u00ba\u00a027 \/ 2016 (<strong><a href=\"http:\/\/www.ifbaiano.edu.br\/unidades\/santaines\/files\/2016\/08\/Prorrogacao.pdf\"> Acesse o documento<\/a><\/strong>)<\/p>\n<p style=\"text-align: justify\"><strong><a href=\"http:\/\/www.ifbaiano.edu.br\/unidades\/santaines\/files\/2016\/08\/Lista_homologacao_inscricoes_Final.pdf\">Lista_de homologacao das_inscricoes_Fina<\/a>l<\/strong><\/p>\n<p style=\"text-align: justify\"><strong>Resultado da 1\u00aa Etapa (<a href=\"http:\/\/www.ifbaiano.edu.br\/unidades\/santaines\/files\/2016\/08\/RESULTADO_1ETAPA_17_08_16.pdf\">AN\u00c1LISE_DOCUMENTAL_17_08_16<\/a>)<\/strong><\/p>\n<p style=\"text-align: justify\">Publicado em 17\/08\/2016<br \/>\n<!--more--><\/p>\n<p style=\"text-align: justify\">Entre os dias 08 a 10 de agosto, o IF Baiano &#8211; <em>campus<\/em>\u00a0Santa In\u00eas, inscreve estudantes matriculados nos cursos T\u00e9cnicos de Agropecu\u00e1ria, Zootecnia e Alimentospara preenchimento das vagas de monitores bolsistas. As vagas s\u00e3o para monitores de L\u00edngua portuguesa (3 vagas), Matem\u00e1tica (6 vagas), Qu\u00edmica (6 vagas), F\u00edsica (6 vagas), Biologia (2 vagas), Sociologia (1 vaga), Ingl\u00eas (1 vaga), Geografia (1 vaga), Produ\u00e7\u00e3o de n\u00e3o ruminantes I (1 vaga), Produ\u00e7\u00e3o de n\u00e3o ruminantes II (2 vagas) e Produ\u00e7\u00e3o de ruminantes I (1 vaga). As inscri\u00e7\u00f5es ser\u00e3o realizadas na Secretaria de Registros Acad\u00eamicos (SRA) do <em>Campus,<\/em>\u00a0das 07h30min. \u00e0s 11h30min. e 13h30min. \u00e0s 17h. O valor da Bolsa \u00e9 de R$150 por um per\u00edodo de 06 meses.<\/p>\n<p style=\"text-align: justify\">Para participar da sele\u00e7\u00e3o, o estudante interessado dever\u00e1 ter os seguinte pr\u00e9-requisitos: Estar matriculado na 2\u00aa. ou 3\u00aa. s\u00e9rie; n\u00e3o possuir outra modalidade de bolsa, excetuando-se os aux\u00edlios do Programa de Assist\u00eancia e Inclus\u00e3o Social do estudante e ter disponibilidade de 6 horas semanais.<\/p>\n<p style=\"text-align: justify\">O processo seletivo ser\u00e1 realizado em duas etapas, sendo a 1\u00aa. etapa de sele\u00e7\u00e3o: An\u00e1lise do Hist\u00f3rico Escolar (Eliminat\u00f3ria) e a 2\u00aa. etapa de sele\u00e7\u00e3o: Entrevista (Classificat\u00f3rio). O resultado final do concurso ser\u00e1 divulgado a partir do dia 26 de agosto.<\/p>\n<p><strong>Acesse\u00a0<\/strong><span style=\"color: #99cc00\"><strong><a href=\"http:\/\/www.ifbaiano.edu.br\/unidades\/santaines\/files\/2016\/08\/EDITAL-MONITORIA-SANTA-INES-2016-CURSOS-TECNICOS.pdf\"><span style=\"color: #99cc00\">aqui<\/span><\/a><\/strong><\/span><strong>\u00a0o Edital<\/strong><\/p>\n<p>&nbsp;<\/p>\n<p>&nbsp;<\/p>\n","protected":false},"excerpt":{"rendered":"<p>05\/09\/2016 &#8211; Resultado Final da Sele\u00e7\u00e3o para Monitores dos Cursos T\u00e9cnicos.<\/p>\n","protected":false},"author":1,"featured_media":0,"comment_status":"closed","ping_status":"closed","sticky":false,"template":"","format":"standard","meta":[],"categories":[4,10,57],"tags":[],"_links":{"self":[{"href":"https:\/\/www.ifbaiano.edu.br\/unidades\/santaines\/wp-json\/wp\/v2\/posts\/7082"}],"collection":[{"href":"https:\/\/www.ifbaiano.edu.br\/unidades\/santaines\/wp-json\/wp\/v2\/posts"}],"about":[{"href":"https:\/\/www.ifbaiano.edu.br\/unidades\/santaines\/wp-json\/wp\/v2\/types\/post"}],"author":[{"embeddable":true,"href":"https:\/\/www.ifbaiano.edu.br\/unidades\/santaines\/wp-json\/wp\/v2\/users\/1"}],"replies":[{"embeddable":true,"href":"https:\/\/www.ifbaiano.edu.br\/unidades\/santaines\/wp-json\/wp\/v2\/comments?post=7082"}],"version-history":[{"count":14,"href":"https:\/\/www.ifbaiano.edu.br\/unidades\/santaines\/wp-json\/wp\/v2\/posts\/7082\/revisions"}],"predecessor-version":[{"id":7265,"href":"https:\/\/www.ifbaiano.edu.br\/unidades\/santaines\/wp-json\/wp\/v2\/posts\/7082\/revisions\/7265"}],"wp:attachment":[{"href":"https:\/\/www.ifbaiano.edu.br\/unidades\/santaines\/wp-json\/wp\/v2\/media?parent=7082"}],"wp:term":[{"taxonomy":"category","embeddable":true,"href":"https:\/\/www.ifbaiano.edu.br\/unidades\/santaines\/wp-json\/wp\/v2\/categories?post=7082"},{"taxonomy":"post_tag","embeddable":true,"href":"https:\/\/www.ifbaiano.edu.br\/unidades\/santaines\/wp-json\/wp\/v2\/tags?post=7082"}],"curies":[{"name":"wp","href":"https:\/\/api.w.org\/{rel}","templated":true}]}}