{"id":7086,"date":"2016-08-15T15:13:24","date_gmt":"2016-08-15T18:13:24","guid":{"rendered":"http:\/\/www.ifbaiano.edu.br\/unidades\/santaines\/?p=7086"},"modified":"2016-08-15T16:18:47","modified_gmt":"2016-08-15T19:18:47","slug":"pibid-%e2%80%93-programa-institucional-de-bolsas-de-iniciacao-a-docencia","status":"publish","type":"post","link":"https:\/\/www.ifbaiano.edu.br\/unidades\/santaines\/pibid-%e2%80%93-programa-institucional-de-bolsas-de-iniciacao-a-docencia\/","title":{"rendered":"PIBID \u2013 Resultado FINAL &#8211; 15\/08\/2016 &#8211; Processo Seletivo do Programa Institucional de Bolsas de Inicia\u00e7\u00e3o a Doc\u00eancia"},"content":{"rendered":"<h2><strong>RESULTADOS FINAIS (11\/08\/2016)<\/strong><\/h2>\n<p>Seguem as listas dos resultados finais para bolsistas\/licenciandos em Ci\u00eancias Biol\u00f3gicas e Geografia<\/p>\n<h3><strong>RESULTADO FINAL &#8211; BOLSISTAS\/LICENCIANDOS EM CI\u00caNCIAS BIOL\u00d3GICAS<br \/>\n<a href=\"http:\/\/www.ifbaiano.edu.br\/unidades\/santaines\/files\/2016\/08\/RESULTADO_FINAL_PIBID_CLASSIFICACAO_BIOLOGIA_11_08_16.pdf\" target=\"_border\">RESULTADO_FINAL_PIBID_CLASSIFICACAO_BIOLOGIA_11_08_16<\/a><\/strong><\/h3>\n<h3><strong>RESULTADO FINAL &#8211; BOLSISTAS\/LICENCIANDOS EM GEOGRAFIA<br \/>\n<a href=\"http:\/\/www.ifbaiano.edu.br\/unidades\/santaines\/files\/2016\/08\/RESULTADO_FINAL_PIBID_CLASSIFICACAO_GEO_11_08_2016.pdf\" target=\"_border\">RESULTADO_FINAL_PIBID_CLASSIFICACAO_GEO_11_08_2016<\/a><\/strong><\/h3>\n<p>Resposta sobre os recursos:\u00a0Informamos que os recursos interpostos foram indeferidos pela Comiss\u00e3o de Sele\u00e7\u00e3o.<br \/>\nC\u00f3pia das respostas aos recursos poder\u00e1 ser obtida pelo candidato requerente a partir do dia 17\/08\/2016.<\/p>\n<p><strong>Postagem publicada em 15\/08\/2016\u00a0<\/strong><\/p>\n<p><!--more--><br \/>\n&nbsp;<\/p>\n<h2><strong>RESULTADOS<\/strong><\/h2>\n<ul>\n<li>\n<h3><strong>BOLSISTAS\/LICENCIANDOS EM CI\u00caNCIAS BIOL\u00d3GICAS &#8211; <a href=\"http:\/\/www.ifbaiano.edu.br\/unidades\/santaines\/files\/2016\/08\/RESULTADO_CLASSIFICACAO_PIBID_BIOLOGIA_09_08_2016.pdf\" target=\"_blank\">Download da lista (PDF)<\/a><\/strong><\/h3>\n<\/li>\n<\/ul>\n<p>Lista de classifica\u00e7\u00e3o dos bolsistas\/licenciandos do Programa Institucional de Bolsas de Inicia\u00e7\u00e3o \u00e0 Doc\u00eancia (PIBID) 2016.<br \/>\nSubprojeto do Curso de Licenciatura em Ci\u00eancias Biol\u00f3gicas: Exercitando a doc\u00eancia: a constru\u00e7\u00e3o de pr\u00e1ticas inovadoras para<br \/>\no ensino das ci\u00eancias em escolas do Vale do Jiquiri\u00e7\u00e1.<\/p>\n<p>&nbsp;<\/p>\n<ul>\n<li>\n<h3><strong>BOLSISTAS\/LICENCIANDOS EM GEOGRAFIA &#8211; <a href=\"http:\/\/www.ifbaiano.edu.br\/unidades\/santaines\/files\/2016\/08\/RESULTADO_CLASSIFICACAO_PIBID_GEOGRAFIA_09_08_2016.pdf\" target=\"_blank\">Download da lista (PDF)<\/a><\/strong><\/h3>\n<\/li>\n<\/ul>\n<p>Lista de classifica\u00e7\u00e3o dos bolsistas\/licenciandos do Programa Institucional de Bolsas de Inicia\u00e7\u00e3o \u00e0 Doc\u00eancia (PIBID) 2016.<br \/>\nSubprojeto do Curso de Licenciatura em Geografia: A forma\u00e7\u00e3o do professor: (re) pensando a pr\u00e1tica pedag\u00f3gica em Geografia na<br \/>\neduca\u00e7\u00e3o b\u00e1sica em escolas do Vale do Jiquiri\u00e7\u00e1 \u2013 BA.<\/p>\n<p><strong>O prazo para interposi\u00e7\u00e3o de recursos ser\u00e1 no dia 10 de agosto de 2016, no hor\u00e1rio de<br \/>\n08h \u00e0s 11h 30min, e de 13h 30min \u00e0s 17h 30min;<\/strong><br \/>\n<strong>dever\u00e3o ser protocolados na Coordena\u00e7\u00e3o dos Cursos Superiores.<\/strong><br \/>\n<strong>O resultado final ser\u00e1 publicado at\u00e9 \u00e0s 23h 59min do dia 12 de agosto de 2016.<\/strong><\/p>\n<p>&nbsp;<\/p>\n<h3><strong>Publicado em 09\/08\/2016<\/strong><\/h3>\n<p style=\"text-align: justify\"><!--more--><\/p>\n<p style=\"text-align: justify\">O Diretor do Instituto Federal de Educa\u00e7\u00e3o Ci\u00eancia e Tecnologia Baiano (IF Baiano) Campus Santa In\u00eas, torna p\u00fablico aos interessados a abertura de processo para admiss\u00e3o de bolsistas de inicia\u00e7\u00e3o \u00e0 doc\u00eancia dos cursos de Licenciatura em Ci\u00eancias Biol\u00f3gicas e Geografia, na forma deste edital.<\/p>\n<h3 style=\"text-align: justify\"><a href=\"http:\/\/www.ifbaiano.edu.br\/unidades\/santaines\/files\/2016\/08\/edital.pdf\">Acesse o Edital PIBID IF Baiano Campus Santa In\u00eas <\/a><\/h3>\n","protected":false},"excerpt":{"rendered":"<p>PUBLICADO O RESULTADO FINAL DO PROCESSO SELETIVO PIBID<br \/>\nPROGRAMA INSTITUCIONAL DE<br \/>\nBOLSAS DE INICIA\u00c7\u00c3O \u00c0 DOC\u00caNCIA<\/p>\n","protected":false},"author":1,"featured_media":0,"comment_status":"closed","ping_status":"closed","sticky":false,"template":"","format":"standard","meta":[],"categories":[4,12,5,10],"tags":[],"_links":{"self":[{"href":"https:\/\/www.ifbaiano.edu.br\/unidades\/santaines\/wp-json\/wp\/v2\/posts\/7086"}],"collection":[{"href":"https:\/\/www.ifbaiano.edu.br\/unidades\/santaines\/wp-json\/wp\/v2\/posts"}],"about":[{"href":"https:\/\/www.ifbaiano.edu.br\/unidades\/santaines\/wp-json\/wp\/v2\/types\/post"}],"author":[{"embeddable":true,"href":"https:\/\/www.ifbaiano.edu.br\/unidades\/santaines\/wp-json\/wp\/v2\/users\/1"}],"replies":[{"embeddable":true,"href":"https:\/\/www.ifbaiano.edu.br\/unidades\/santaines\/wp-json\/wp\/v2\/comments?post=7086"}],"version-history":[{"count":10,"href":"https:\/\/www.ifbaiano.edu.br\/unidades\/santaines\/wp-json\/wp\/v2\/posts\/7086\/revisions"}],"predecessor-version":[{"id":7160,"href":"https:\/\/www.ifbaiano.edu.br\/unidades\/santaines\/wp-json\/wp\/v2\/posts\/7086\/revisions\/7160"}],"wp:attachment":[{"href":"https:\/\/www.ifbaiano.edu.br\/unidades\/santaines\/wp-json\/wp\/v2\/media?parent=7086"}],"wp:term":[{"taxonomy":"category","embeddable":true,"href":"https:\/\/www.ifbaiano.edu.br\/unidades\/santaines\/wp-json\/wp\/v2\/categories?post=7086"},{"taxonomy":"post_tag","embeddable":true,"href":"https:\/\/www.ifbaiano.edu.br\/unidades\/santaines\/wp-json\/wp\/v2\/tags?post=7086"}],"curies":[{"name":"wp","href":"https:\/\/api.w.org\/{rel}","templated":true}]}}