{"id":710,"date":"2011-12-14T15:10:39","date_gmt":"2011-12-14T18:10:39","guid":{"rendered":"http:\/\/www.ifbaiano.edu.br\/unidades\/santaines\/?p=710"},"modified":"2011-12-14T15:14:00","modified_gmt":"2011-12-14T18:14:00","slug":"campus-santa-ines-abre-inscricoes-para-o-programa-mulheres-mil-3","status":"publish","type":"post","link":"https:\/\/www.ifbaiano.edu.br\/unidades\/santaines\/campus-santa-ines-abre-inscricoes-para-o-programa-mulheres-mil-3\/","title":{"rendered":"Campus Santa In\u00eas abre inscri\u00e7\u00f5es para o programa Mulheres Mil"},"content":{"rendered":"<p align=\"justify\"><a href=\"http:\/\/www.ifbaiano.edu.br\/unidades\/santaines\/files\/2011\/11\/mulheres_mil.jpg\"><img decoding=\"async\" loading=\"lazy\" class=\"aligncenter\" src=\"http:\/\/www.ifbaiano.edu.br\/unidades\/santaines\/files\/2011\/11\/mulheres_mil.jpg\" alt=\"\" width=\"287\" height=\"53\" \/><\/a>O Instituto Federal de Educa\u00e7\u00e3o Campus Santa In\u00eas em parceria com as Prefeituras de Santa In\u00eas, Uba\u00edra e Mutu\u00edpe implantam o Programa Nacional Mulheres Mil com o objetivo de propiciar a forma\u00e7\u00e3o profissional para 100 mulheres do Vale do Jiquiri\u00e7\u00e1. No Campus o programa ser\u00e1 desenvolvido atrav\u00e9s do projeto intitulado\u00a0<strong>\u201cMulheres Autossuntent\u00e1veis do Vale do Jiquiri\u00e7\u00e1\u201d.<\/strong><br \/>\nSer\u00e3o ofertados os cursos de Padeiro e Confeiteiro e Operador de Processos na Ind\u00fastria de Alimentos, no per\u00edodo noturno.<strong>A abertura do Programa est\u00e1 prevista para o dia 22 de dezembro e o in\u00edcio das aulas para o m\u00eas de janeiro do ano de 2012.<\/strong><br \/>\n<strong>As inscri\u00e7\u00f5es ocorrer\u00e3o nos dias 29 e 30 de novembro, nos pontos de inscri\u00e7\u00e3o: Santa In\u00eas (CRAS), Uba\u00edra (CRAS) e Mutu\u00edpe (C\u00e2mara Municipal).<\/strong><br \/>\nOs cursos est\u00e3o estruturados de modo a integrar a forma\u00e7\u00e3o profissional com eleva\u00e7\u00e3o da escolaridade, realiza\u00e7\u00e3o pessoal, articulada com a forma\u00e7\u00e3o cidad\u00e3 e \u00e9tica.<\/p>\n<p><strong>Informa\u00e7\u00f5es: (73) 3536-1210 \u2013 Ramal 35<\/strong><\/p>\n","protected":false},"excerpt":{"rendered":"<p>O Instituto Federal de Educa\u00e7\u00e3o Campus Santa In\u00eas em parceria com as Prefeituras de Santa In\u00eas, Uba\u00edra e Mutu\u00edpe implantam o Programa Nacional Mulheres Mil com o objetivo de propiciar a forma\u00e7\u00e3o profissional para 100 mulheres do Vale do Jiquiri\u00e7\u00e1. No Campus o programa ser\u00e1 desenvolvido atrav\u00e9s do projeto intitulado\u00a0\u201cMulheres Autossuntent\u00e1veis do Vale do Jiquiri\u00e7\u00e1\u201d. [&hellip;]<\/p>\n","protected":false},"author":26,"featured_media":0,"comment_status":"closed","ping_status":"closed","sticky":false,"template":"","format":"standard","meta":[],"categories":[10],"tags":[],"_links":{"self":[{"href":"https:\/\/www.ifbaiano.edu.br\/unidades\/santaines\/wp-json\/wp\/v2\/posts\/710"}],"collection":[{"href":"https:\/\/www.ifbaiano.edu.br\/unidades\/santaines\/wp-json\/wp\/v2\/posts"}],"about":[{"href":"https:\/\/www.ifbaiano.edu.br\/unidades\/santaines\/wp-json\/wp\/v2\/types\/post"}],"author":[{"embeddable":true,"href":"https:\/\/www.ifbaiano.edu.br\/unidades\/santaines\/wp-json\/wp\/v2\/users\/26"}],"replies":[{"embeddable":true,"href":"https:\/\/www.ifbaiano.edu.br\/unidades\/santaines\/wp-json\/wp\/v2\/comments?post=710"}],"version-history":[{"count":4,"href":"https:\/\/www.ifbaiano.edu.br\/unidades\/santaines\/wp-json\/wp\/v2\/posts\/710\/revisions"}],"predecessor-version":[{"id":14702,"href":"https:\/\/www.ifbaiano.edu.br\/unidades\/santaines\/wp-json\/wp\/v2\/posts\/710\/revisions\/14702"}],"wp:attachment":[{"href":"https:\/\/www.ifbaiano.edu.br\/unidades\/santaines\/wp-json\/wp\/v2\/media?parent=710"}],"wp:term":[{"taxonomy":"category","embeddable":true,"href":"https:\/\/www.ifbaiano.edu.br\/unidades\/santaines\/wp-json\/wp\/v2\/categories?post=710"},{"taxonomy":"post_tag","embeddable":true,"href":"https:\/\/www.ifbaiano.edu.br\/unidades\/santaines\/wp-json\/wp\/v2\/tags?post=710"}],"curies":[{"name":"wp","href":"https:\/\/api.w.org\/{rel}","templated":true}]}}