{"id":7128,"date":"2016-09-23T16:15:03","date_gmt":"2016-09-23T19:15:03","guid":{"rendered":"http:\/\/www.ifbaiano.edu.br\/unidades\/santaines\/?p=7128"},"modified":"2016-10-05T15:17:19","modified_gmt":"2016-10-05T18:17:19","slug":"if-baiano-campus-santa-ines-convoca-candidatos-da-lista-de-espera-do-sisu-2016-2-para-os-cursos-biologia-geografia-e-zootecnia","status":"publish","type":"post","link":"https:\/\/www.ifbaiano.edu.br\/unidades\/santaines\/if-baiano-campus-santa-ines-convoca-candidatos-da-lista-de-espera-do-sisu-2016-2-para-os-cursos-biologia-geografia-e-zootecnia\/","title":{"rendered":"Publicado Edital de Convoca\u00e7\u00e3o dos Alunos dos Cursos Superiores Licenciaturas em Geografia, Ci\u00eancias Biol\u00f3gicas e Bacharelado em Zootecnia &#8211; Semestre 2016.2"},"content":{"rendered":"<pre><strong>Aten\u00e7\u00e3o alunos!!!<\/strong>\r\nPr\u00e9-Matricula e Matr\u00edcula.\r\nLeiam o <strong><a href=\"http:\/\/www.ifbaiano.edu.br\/unidades\/santaines\/files\/2016\/09\/Edital_de_Pre_Matricula_e_Matricula-2016_2.pdf\" target=\"_blank\">EDITAL<\/a><\/strong> fa\u00e7am suas pr\u00e9-matr\u00edculas e matr\u00edculas!<\/pre>\n<pre>Atenciosamente,<\/pre>\n<pre><em>Coordena\u00e7\u00e3o dos Cursos Superiores<\/em><\/pre>\n<h3><strong>EDITAL N\u00ba 35\/2016 &#8211; PR\u00c9-MATR\u00cdCULA E MATR\u00cdCULA &#8211; SEMESTRE 2016.2<br \/>\nCURSOS DE GRADUA\u00c7\u00c3O DO INSTITUTO FEDERAL BAIANO &#8211; CAMPUS SANTA IN\u00caS<\/strong><\/h3>\n<h3><strong><a href=\"http:\/\/www.ifbaiano.edu.br\/unidades\/santaines\/files\/2016\/09\/Edital_de_Pre_Matricula_e_Matricula-2016_2.pdf\" target=\"_blank\">ACESSAR O EDITAL<\/a><\/strong><\/h3>\n<pre>O Diretor Geral, no uso de suas atribui\u00e7\u00f5es, conferido pela Portaria n\u00ba 330 de\r\n18\/03\/2014 e publicada no DOU de 19 subsequente, torna p\u00fablica a convoca\u00e7\u00e3o dos alunos\r\ndos Cursos de Licenciatura em Ci\u00eancias Biol\u00f3gicas, Licenciatura em Geografia e Bacharelado\r\nem Zootecnia, para a realiza\u00e7\u00e3o de Pr\u00e9-Matr\u00edcula e Matr\u00edcula no Instituto Federal de\r\nEduca\u00e7\u00e3o, Ci\u00eancia e Tecnologia Baiano Campus Santa In\u00eas referente ao Semestre Letivo\r\n2016.2<\/pre>\n<h3><a href=\"http:\/\/www.ifbaiano.edu.br\/unidades\/santaines\/files\/2016\/09\/Edital_de_Pre_Matricula_e_Matricula-2016_2.pdf\" target=\"_blank\">ACESSAR O EDITAL<\/a><\/h3>\n<ul>\n<li><strong>Publicado em 24\/09\/2016<\/strong><\/li>\n<\/ul>\n<p><!--more--><strong>Publica\u00e7\u00e3o anterior<\/strong><\/p>\n<p>O IF Baiano Campus Santa In\u00eas convoca os candidatos da lista de espera do Sistema de Sele\u00e7\u00e3o Unificada (SiSU) 2016.2 para reuni\u00e3o sobre o preenchimento de vagas remanescentes na Institui\u00e7\u00e3o dos Cursos de Bacharelado em Zootecnia (23 vagas), Licenciatura em Ci\u00eancias Biol\u00f3gicas (01 vaga) e Licenciatura em Geografia (01 vaga).<\/p>\n<p><strong>A reuni\u00e3o acontecer\u00e1 no dia 10 de agosto, \u00e0s 09h 00min, no Audit\u00f3rio da Biblioteca, sendo a 5\u00aa\u00a0Convoca\u00e7\u00e3o\/Reuni\u00e3o do Curso de Bacharelado em Zootecnia e a 2\u00aaConvoca\u00e7\u00e3o\/Reuni\u00e3o dos Cursos de Licenciatura em Ci\u00eancias Biol\u00f3gicas e Licenciatura em Geografia.\u00a0\u00a0 \u00a0\u00a0<\/strong><\/p>\n<p>Na reuni\u00e3o, os candidatos chamados devem portar a documenta\u00e7\u00e3o necess\u00e1ria \u00e0 matr\u00edcula no curso \u2013 conforme item 4.3.1 do Edital N\u00ba. 39\/2016, de 27 de maio de 2016.<\/p>\n<p>Maiores informa\u00e7\u00f5es est\u00e3o presentes na\u00a0Convoca\u00e7\u00e3o.<\/p>\n<p><strong>Convoca\u00e7\u00e3o\u00a0Zootecnia (<a href=\"http:\/\/www.ifbaiano.edu.br\/unidades\/santaines\/files\/2016\/08\/Edital_SISU_Zoo.pdf\" target=\"_blank\">Download da lista de convoca\u00e7\u00e3o<\/a>)<\/strong><\/p>\n<p><strong>Convoca\u00e7\u00e3o\u00a0Biologia e Geografia (<a href=\"http:\/\/www.ifbaiano.edu.br\/unidades\/santaines\/files\/2016\/08\/Edital_SISU_Bio_e_Geo.pdf\" target=\"_blank\">Download lista de convoca\u00e7\u00e3o<\/a>)<\/strong><\/p>\n<p>Para acompanhar o Processo Seletivo de Ingresso de Estudantes da Educa\u00e7\u00e3o Superior pelo SiSU, acesse:\u00a0<a href=\"http:\/\/concurso.ifbaiano.edu.br\/portal\/sisu-2016-2\/\" target=\"_blank\">http:\/\/concurso.ifbaiano.edu.br\/portal\/sisu-2016-2\/<\/a><\/p>\n","protected":false},"excerpt":{"rendered":"<p>Publicado Edital de Convoca\u00e7\u00e3o dos Alunos<br \/>\ndos Cursos de Lic em Ci\u00eancias Biol\u00f3gicas, Geografia e Bel<br \/>\nem Zootecnia &#8211; Semestre 2016.2<\/p>\n","protected":false},"author":7,"featured_media":0,"comment_status":"closed","ping_status":"closed","sticky":false,"template":"","format":"standard","meta":[],"categories":[4,10,8],"tags":[],"_links":{"self":[{"href":"https:\/\/www.ifbaiano.edu.br\/unidades\/santaines\/wp-json\/wp\/v2\/posts\/7128"}],"collection":[{"href":"https:\/\/www.ifbaiano.edu.br\/unidades\/santaines\/wp-json\/wp\/v2\/posts"}],"about":[{"href":"https:\/\/www.ifbaiano.edu.br\/unidades\/santaines\/wp-json\/wp\/v2\/types\/post"}],"author":[{"embeddable":true,"href":"https:\/\/www.ifbaiano.edu.br\/unidades\/santaines\/wp-json\/wp\/v2\/users\/7"}],"replies":[{"embeddable":true,"href":"https:\/\/www.ifbaiano.edu.br\/unidades\/santaines\/wp-json\/wp\/v2\/comments?post=7128"}],"version-history":[{"count":10,"href":"https:\/\/www.ifbaiano.edu.br\/unidades\/santaines\/wp-json\/wp\/v2\/posts\/7128\/revisions"}],"predecessor-version":[{"id":7267,"href":"https:\/\/www.ifbaiano.edu.br\/unidades\/santaines\/wp-json\/wp\/v2\/posts\/7128\/revisions\/7267"}],"wp:attachment":[{"href":"https:\/\/www.ifbaiano.edu.br\/unidades\/santaines\/wp-json\/wp\/v2\/media?parent=7128"}],"wp:term":[{"taxonomy":"category","embeddable":true,"href":"https:\/\/www.ifbaiano.edu.br\/unidades\/santaines\/wp-json\/wp\/v2\/categories?post=7128"},{"taxonomy":"post_tag","embeddable":true,"href":"https:\/\/www.ifbaiano.edu.br\/unidades\/santaines\/wp-json\/wp\/v2\/tags?post=7128"}],"curies":[{"name":"wp","href":"https:\/\/api.w.org\/{rel}","templated":true}]}}