{"id":713,"date":"2011-12-15T14:40:51","date_gmt":"2011-12-15T17:40:51","guid":{"rendered":"http:\/\/www.ifbaiano.edu.br\/unidades\/santaines\/?p=713"},"modified":"2011-12-20T07:44:17","modified_gmt":"2011-12-20T10:44:17","slug":"inscricoes-para-selecao-bolsa-de-extensao-de-alunos-dos-cursos-superiores-2","status":"publish","type":"post","link":"https:\/\/www.ifbaiano.edu.br\/unidades\/santaines\/inscricoes-para-selecao-bolsa-de-extensao-de-alunos-dos-cursos-superiores-2\/","title":{"rendered":"Inscri\u00e7\u00f5es para Sele\u00e7\u00e3o (Bolsa de Extens\u00e3o) de alunos dos cursos superiores"},"content":{"rendered":"<p>ABERTURA DE INSCRI\u00c7\u00d5ES PARA SELE\u00c7\u00c3O DE BOLSISTAS DOS CURSOS SUPERIORES\u00a0 (BIOLOGIA, GEOGRAFIA E ZOOTECNIA) OBJETIVANDO ATUAR NO PROJETO:\u00a0<strong>Implanta\u00e7\u00e3o de selo de qualidade em alimentos produzidos em Assentamentos vinculados \u00e0 feira livre do munic\u00edpio de Santa In\u00eas aprovado no Programa de Extens\u00e3o do (PROEXT 2011) MEC\/SESU.<\/strong><\/p>\n<p><strong>O candidato dever\u00e1 preencher o formul\u00e1rio em 02 (duas) vias, assinar e entregar na CIEC<\/strong><\/p>\n<p><a href=\"http:\/\/www.ifbaiano.edu.br\/unidades\/santaines\/files\/2011\/12\/edital_bolsista_do_proext_2011.pdf\" target=\"_blank\">Edital Bolsista<\/a><\/p>\n<p><a href=\"http:\/\/www.ifbaiano.edu.br\/unidades\/santaines\/files\/2011\/12\/retificacao_da_chamada_publica_n_0120111.pdf\" target=\"_blank\">Retifica\u00e7\u00e3o da Chamada p\u00fablica<\/a><\/p>\n<p><a title=\"Ficha de Inscri\u00e7\u00e3o\" href=\"http:\/\/www.ifbaiano.edu.br\/unidades\/santaines\/files\/2011\/12\/ficha_incricao.pdf\" target=\"_blank\">FICHA DE INSCRI\u00c7\u00c3O<\/a><\/p>\n","protected":false},"excerpt":{"rendered":"<p>ABERTURA DE INSCRI\u00c7\u00d5ES PARA SELE\u00c7\u00c3O DE BOLSISTAS DOS CURSOS SUPERIORES\u00a0 (BIOLOGIA, GEOGRAFIA E ZOOTECNIA) OBJETIVANDO ATUAR NO PROJETO:\u00a0Implanta\u00e7\u00e3o de selo de qualidade em alimentos produzidos em Assentamentos vinculados \u00e0 feira livre do munic\u00edpio de Santa In\u00eas aprovado no Programa de Extens\u00e3o do (PROEXT 2011) MEC\/SESU. O candidato dever\u00e1 preencher o formul\u00e1rio em 02 (duas) vias, [&hellip;]<\/p>\n","protected":false},"author":26,"featured_media":0,"comment_status":"closed","ping_status":"closed","sticky":false,"template":"","format":"standard","meta":[],"categories":[10],"tags":[],"_links":{"self":[{"href":"https:\/\/www.ifbaiano.edu.br\/unidades\/santaines\/wp-json\/wp\/v2\/posts\/713"}],"collection":[{"href":"https:\/\/www.ifbaiano.edu.br\/unidades\/santaines\/wp-json\/wp\/v2\/posts"}],"about":[{"href":"https:\/\/www.ifbaiano.edu.br\/unidades\/santaines\/wp-json\/wp\/v2\/types\/post"}],"author":[{"embeddable":true,"href":"https:\/\/www.ifbaiano.edu.br\/unidades\/santaines\/wp-json\/wp\/v2\/users\/26"}],"replies":[{"embeddable":true,"href":"https:\/\/www.ifbaiano.edu.br\/unidades\/santaines\/wp-json\/wp\/v2\/comments?post=713"}],"version-history":[{"count":8,"href":"https:\/\/www.ifbaiano.edu.br\/unidades\/santaines\/wp-json\/wp\/v2\/posts\/713\/revisions"}],"predecessor-version":[{"id":793,"href":"https:\/\/www.ifbaiano.edu.br\/unidades\/santaines\/wp-json\/wp\/v2\/posts\/713\/revisions\/793"}],"wp:attachment":[{"href":"https:\/\/www.ifbaiano.edu.br\/unidades\/santaines\/wp-json\/wp\/v2\/media?parent=713"}],"wp:term":[{"taxonomy":"category","embeddable":true,"href":"https:\/\/www.ifbaiano.edu.br\/unidades\/santaines\/wp-json\/wp\/v2\/categories?post=713"},{"taxonomy":"post_tag","embeddable":true,"href":"https:\/\/www.ifbaiano.edu.br\/unidades\/santaines\/wp-json\/wp\/v2\/tags?post=713"}],"curies":[{"name":"wp","href":"https:\/\/api.w.org\/{rel}","templated":true}]}}