{"id":7176,"date":"2016-10-04T20:45:58","date_gmt":"2016-10-04T23:45:58","guid":{"rendered":"http:\/\/www.ifbaiano.edu.br\/unidades\/santaines\/?p=7176"},"modified":"2016-12-20T11:47:51","modified_gmt":"2016-12-20T14:47:51","slug":"processo-seletivo-para-ingresso-de-estudantes-graduacao-2016-2-bacharelado-em-zootecnia","status":"publish","type":"post","link":"https:\/\/www.ifbaiano.edu.br\/unidades\/santaines\/processo-seletivo-para-ingresso-de-estudantes-graduacao-2016-2-bacharelado-em-zootecnia\/","title":{"rendered":"Publicado a CLASSIFICA\u00c7\u00c3O FINAL e o EDITAL DE MATR\u00cdCULA BACHARELADO EM ZOOTECNIA &#8211; 2016.2"},"content":{"rendered":"<h3><strong>Processo Seletivo para Ingresso de Estudantes 2016<br \/>\nGradua\u00e7\u00e3o (2016.2)\u00a0<\/strong><\/h3>\n<p><strong>PUBLICADO!<\/strong><br \/>\nClassifica\u00e7\u00e3o Final e o Edital de Matr\u00edcula referente ao Edital 060\/2016<br \/>\n(<span style=\"text-decoration: underline\">VAGAS REMANESCENTES<\/span>)<\/p>\n<h3>O per\u00edodo de matr\u00edcula ser\u00e1 nos dia 06 e 07 de outubro (quinta e sexta-feira)<\/h3>\n<h3><strong><a href=\"http:\/\/www.ifbaiano.edu.br\/unidades\/santaines\/files\/2016\/09\/classificacao_final_2016_2_zootecnia_ifbaiano_santa_ines.pdf\" target=\"_blank\">ACESSE A LISTA DE CLASSIFICA\u00c7\u00c3O FINAL<\/a><\/strong><\/h3>\n<h3><strong><a href=\"http:\/\/www.ifbaiano.edu.br\/unidades\/santaines\/files\/2016\/09\/Edital_de_matricula_zootec_superior_60-2016.pdf\" target=\"_blank\">ACESSE O EDITAL DE MATR\u00cdCULA<\/a><\/strong><\/h3>\n<p>Publicado em 04\/10\/2016<\/p>\n<p><!--more--><\/p>\n<p>Publicado abaixo a rela\u00e7\u00e3o das inscri\u00e7\u00f5es homologadas!<br \/>\nBacharelado em Zootecnia (23 vagas) para o Campus Santa In\u00eas<\/p>\n<ul>\n<li><strong><a href=\"http:\/\/www.ifbaiano.edu.br\/unidades\/santaines\/files\/2016\/08\/inscricoes-homologadas-graduacao-2016-2-santa-ines.pdf\" target=\"_blank\">RELA\u00c7\u00c3O DAS INSCRI\u00c7\u00d5ES HOMOLOGADAS<\/a><\/strong><\/li>\n<li><strong><a href=\"http:\/\/www.ifbaiano.edu.br\/unidades\/santaines\/files\/2016\/08\/edital-retificacao-76-processo-seletivo-2016-2-graduacao.pdf\" target=\"_blank\">Edital Retificado 2016.2<\/a><\/strong><\/li>\n<\/ul>\n<p>Publicado em 19\/09\/2016<\/p>\n<h3><strong><a href=\"http:\/\/www.ifbaiano.edu.br\/unidades\/santaines\/files\/2016\/08\/Edital_Processo_Seletivo_2016_2-_GRADUACAO.pdf\" target=\"_border\">Edital_Processo_Seletivo_2016_2<\/a><\/strong><\/h3>\n<pre>Publicado o Edital N\u00ba 60, de 17 de agosto de 2016\r\nConforme detalhes da forma de inscri\u00e7\u00e3o no t\u00edtulo 7 (DA INSCRI\u00c7\u00c3O) no Edital<\/pre>\n<ul>\n<li><strong>Bacharelado em Zootecnia (23 vagas) para o Campus Santa In\u00eas.<\/strong><\/li>\n<\/ul>\n<ul>\n<li><strong>Bacharelado em Engenharia Agron\u00f4mica (20 vagas) para o Campus Bom Jesus da Lapa<\/strong><\/li>\n<\/ul>\n<pre>A inscri\u00e7\u00e3o neste Processo Seletivo dar-se-\u00e1 exclusivamente via Internet,\r\natrav\u00e9s do endere\u00e7o eletr\u00f4nico: prosel.ifbaiano.edu.br, no per\u00edodo de 19 de\r\nagosto de 2016 \u00e0s 16:00 horas do dia 08 de setembro de 2016.<\/pre>\n<pre><\/pre>\n<pre>Publicado em 19\/08\/2016<\/pre>\n","protected":false},"excerpt":{"rendered":"<p>(Processo Seletivo para Ingresso de Estudantes &#8211; 2016.2)<br \/>\nPublicado a CLASSIFICA\u00c7\u00c3O FINAL E EDITAL DE MATR\u00cdCULA &#8211; Bel. Zootecnia &#8211; Campus Santa In\u00eas<br \/>\nO per\u00edodo de matr\u00edcula ser\u00e1 nos dia 06 e 07 de outubro.<br \/>\nMais informa\u00e7\u00f5es acesse Leia mais &#8230;<\/p>\n","protected":false},"author":7,"featured_media":0,"comment_status":"closed","ping_status":"closed","sticky":false,"template":"","format":"standard","meta":[],"categories":[4,10,8,57],"tags":[],"_links":{"self":[{"href":"https:\/\/www.ifbaiano.edu.br\/unidades\/santaines\/wp-json\/wp\/v2\/posts\/7176"}],"collection":[{"href":"https:\/\/www.ifbaiano.edu.br\/unidades\/santaines\/wp-json\/wp\/v2\/posts"}],"about":[{"href":"https:\/\/www.ifbaiano.edu.br\/unidades\/santaines\/wp-json\/wp\/v2\/types\/post"}],"author":[{"embeddable":true,"href":"https:\/\/www.ifbaiano.edu.br\/unidades\/santaines\/wp-json\/wp\/v2\/users\/7"}],"replies":[{"embeddable":true,"href":"https:\/\/www.ifbaiano.edu.br\/unidades\/santaines\/wp-json\/wp\/v2\/comments?post=7176"}],"version-history":[{"count":15,"href":"https:\/\/www.ifbaiano.edu.br\/unidades\/santaines\/wp-json\/wp\/v2\/posts\/7176\/revisions"}],"predecessor-version":[{"id":7264,"href":"https:\/\/www.ifbaiano.edu.br\/unidades\/santaines\/wp-json\/wp\/v2\/posts\/7176\/revisions\/7264"}],"wp:attachment":[{"href":"https:\/\/www.ifbaiano.edu.br\/unidades\/santaines\/wp-json\/wp\/v2\/media?parent=7176"}],"wp:term":[{"taxonomy":"category","embeddable":true,"href":"https:\/\/www.ifbaiano.edu.br\/unidades\/santaines\/wp-json\/wp\/v2\/categories?post=7176"},{"taxonomy":"post_tag","embeddable":true,"href":"https:\/\/www.ifbaiano.edu.br\/unidades\/santaines\/wp-json\/wp\/v2\/tags?post=7176"}],"curies":[{"name":"wp","href":"https:\/\/api.w.org\/{rel}","templated":true}]}}