{"id":7208,"date":"2016-09-02T21:18:34","date_gmt":"2016-09-03T00:18:34","guid":{"rendered":"http:\/\/www.ifbaiano.edu.br\/unidades\/santaines\/?p=7208"},"modified":"2016-10-05T15:17:53","modified_gmt":"2016-10-05T18:17:53","slug":"politica-de-assistencia-estudantil-do-if-baiano-campus-santa-ines","status":"publish","type":"post","link":"https:\/\/www.ifbaiano.edu.br\/unidades\/santaines\/politica-de-assistencia-estudantil-do-if-baiano-campus-santa-ines\/","title":{"rendered":"Pol\u00edtica de Assist\u00eancia Estudantil do IF Baiano Campus Santa In\u00eas"},"content":{"rendered":"<p style=\"text-align: justify\">O Diretor do Instituto Federal de Educa\u00e7\u00e3o, Ci\u00eancia e Tecnologia Baiano \u2013 IF Baiano, Campus Santa In\u00eas, no uso de suas atribui\u00e7\u00f5es legais na forma do que disp\u00f5e a Lei no. 11.892\/2008, considerando ainda a Lei no 12.155\/2009, o Decreto n\u00b0 7.234\/2010, e o Decreto no 7.416\/2010, torna p\u00fablico o presente Edital, que estabelece as normas e crit\u00e9rios para sele\u00e7\u00e3o de estudantes da Educa\u00e7\u00e3o Profissional e T\u00e9cnica de N\u00edvel M\u00e9dio, Gradua\u00e7\u00e3o, P\u00f3s-Gradua\u00e7\u00e3o, Educa\u00e7\u00e3o a Dist\u00e2ncia (EaD) e do Programa de Integra\u00e7\u00e3o da Educa\u00e7\u00e3o Profissional T\u00e9cnica de N\u00edvel M\u00e9dio na modalidade EJA-PROEJA, com a finalidade da participa\u00e7\u00e3o na Pol\u00edtica de Assist\u00eancia Estudantil deste Instituto, atrav\u00e9s do Programa de Assist\u00eancia e Inclus\u00e3o Social do Estudante &#8211; PAISE.<\/p>\n<h3 style=\"text-align: justify\">02\/09\/2016 &#8211;\u00a0<a href=\"http:\/\/www.ifbaiano.edu.br\/unidades\/santaines\/files\/2016\/09\/Edital-N-22-PAISE.pdf\">Acesse o edital PAISE aqui.<\/a><\/h3>\n<h3><strong>28\/09\/2016 &#8211;\u00a0<a href=\"http:\/\/www.ifbaiano.edu.br\/unidades\/santaines\/files\/2016\/09\/Prorrogac\u0327a\u0303o-de-Prazos-Edital-PAISE.pdf\">Prorrogac\u0327a\u0303o de Prazos \u00a0Edital PAISE<\/a><\/strong><\/h3>\n<p>&nbsp;<\/p>\n<h3 style=\"text-align: justify\"><\/h3>\n","protected":false},"excerpt":{"rendered":"<p>28\/09\/2016 &#8211; Prorroga\u00e7\u00e3o de prazos edital PAISE<\/p>\n","protected":false},"author":1,"featured_media":0,"comment_status":"closed","ping_status":"closed","sticky":false,"template":"","format":"standard","meta":[],"categories":[4,10],"tags":[],"_links":{"self":[{"href":"https:\/\/www.ifbaiano.edu.br\/unidades\/santaines\/wp-json\/wp\/v2\/posts\/7208"}],"collection":[{"href":"https:\/\/www.ifbaiano.edu.br\/unidades\/santaines\/wp-json\/wp\/v2\/posts"}],"about":[{"href":"https:\/\/www.ifbaiano.edu.br\/unidades\/santaines\/wp-json\/wp\/v2\/types\/post"}],"author":[{"embeddable":true,"href":"https:\/\/www.ifbaiano.edu.br\/unidades\/santaines\/wp-json\/wp\/v2\/users\/1"}],"replies":[{"embeddable":true,"href":"https:\/\/www.ifbaiano.edu.br\/unidades\/santaines\/wp-json\/wp\/v2\/comments?post=7208"}],"version-history":[{"count":8,"href":"https:\/\/www.ifbaiano.edu.br\/unidades\/santaines\/wp-json\/wp\/v2\/posts\/7208\/revisions"}],"predecessor-version":[{"id":7269,"href":"https:\/\/www.ifbaiano.edu.br\/unidades\/santaines\/wp-json\/wp\/v2\/posts\/7208\/revisions\/7269"}],"wp:attachment":[{"href":"https:\/\/www.ifbaiano.edu.br\/unidades\/santaines\/wp-json\/wp\/v2\/media?parent=7208"}],"wp:term":[{"taxonomy":"category","embeddable":true,"href":"https:\/\/www.ifbaiano.edu.br\/unidades\/santaines\/wp-json\/wp\/v2\/categories?post=7208"},{"taxonomy":"post_tag","embeddable":true,"href":"https:\/\/www.ifbaiano.edu.br\/unidades\/santaines\/wp-json\/wp\/v2\/tags?post=7208"}],"curies":[{"name":"wp","href":"https:\/\/api.w.org\/{rel}","templated":true}]}}