{"id":7219,"date":"2016-09-12T19:14:34","date_gmt":"2016-09-12T22:14:34","guid":{"rendered":"http:\/\/www.ifbaiano.edu.br\/unidades\/santaines\/?p=7219"},"modified":"2016-12-20T11:48:13","modified_gmt":"2016-12-20T14:48:13","slug":"reuniao-de-pais-dos-estudantes-dos-cursos-tecnicos-integrados","status":"publish","type":"post","link":"https:\/\/www.ifbaiano.edu.br\/unidades\/santaines\/reuniao-de-pais-dos-estudantes-dos-cursos-tecnicos-integrados\/","title":{"rendered":"Reuni\u00e3o de Pais dos Estudantes dos Cursos T\u00e9cnicos Integrados"},"content":{"rendered":"<p style=\"text-align: justify\">O Diretor Geral do Campus Santa In\u00eas convida Pais e\/ou Respons\u00e1veis dos estudantes dos Cursos T\u00e9cnicos Integrados para a II Reuni\u00e3o de Pais do Ano Letivo 2016, a ser realizada no dia 21 de setembro de 2016, \u00e0s 08h30, na Quadra Poliesportiva do Campus.<\/p>\n","protected":false},"excerpt":{"rendered":"<p>12\/09\/2016 &#8211; O Diretor Geral do Campus Santa In\u00eas convida Pais e\/ou Respons\u00e1veis dos estudantes dos Cursos T\u00e9cnicos Integrados para a II Reuni\u00e3o de Pais do Ano Letivo 2016, a ser realizada no dia 21 de setembro de 2016, \u00e0s 08h30, na Quadra Poliesportiva do Campus.<\/p>\n","protected":false},"author":1,"featured_media":0,"comment_status":"closed","ping_status":"closed","sticky":false,"template":"","format":"standard","meta":[],"categories":[4,19,6,7,10,57],"tags":[],"_links":{"self":[{"href":"https:\/\/www.ifbaiano.edu.br\/unidades\/santaines\/wp-json\/wp\/v2\/posts\/7219"}],"collection":[{"href":"https:\/\/www.ifbaiano.edu.br\/unidades\/santaines\/wp-json\/wp\/v2\/posts"}],"about":[{"href":"https:\/\/www.ifbaiano.edu.br\/unidades\/santaines\/wp-json\/wp\/v2\/types\/post"}],"author":[{"embeddable":true,"href":"https:\/\/www.ifbaiano.edu.br\/unidades\/santaines\/wp-json\/wp\/v2\/users\/1"}],"replies":[{"embeddable":true,"href":"https:\/\/www.ifbaiano.edu.br\/unidades\/santaines\/wp-json\/wp\/v2\/comments?post=7219"}],"version-history":[{"count":4,"href":"https:\/\/www.ifbaiano.edu.br\/unidades\/santaines\/wp-json\/wp\/v2\/posts\/7219\/revisions"}],"predecessor-version":[{"id":7268,"href":"https:\/\/www.ifbaiano.edu.br\/unidades\/santaines\/wp-json\/wp\/v2\/posts\/7219\/revisions\/7268"}],"wp:attachment":[{"href":"https:\/\/www.ifbaiano.edu.br\/unidades\/santaines\/wp-json\/wp\/v2\/media?parent=7219"}],"wp:term":[{"taxonomy":"category","embeddable":true,"href":"https:\/\/www.ifbaiano.edu.br\/unidades\/santaines\/wp-json\/wp\/v2\/categories?post=7219"},{"taxonomy":"post_tag","embeddable":true,"href":"https:\/\/www.ifbaiano.edu.br\/unidades\/santaines\/wp-json\/wp\/v2\/tags?post=7219"}],"curies":[{"name":"wp","href":"https:\/\/api.w.org\/{rel}","templated":true}]}}