{"id":7248,"date":"2016-10-03T12:23:27","date_gmt":"2016-10-03T15:23:27","guid":{"rendered":"http:\/\/www.ifbaiano.edu.br\/unidades\/santaines\/?p=7248"},"modified":"2016-12-20T11:47:58","modified_gmt":"2016-12-20T14:47:58","slug":"estudante-do-if-baiano-concorre-a-uma-vaga-no-parlamento-juvenil-do-mercosul","status":"publish","type":"post","link":"https:\/\/www.ifbaiano.edu.br\/unidades\/santaines\/estudante-do-if-baiano-concorre-a-uma-vaga-no-parlamento-juvenil-do-mercosul\/","title":{"rendered":"Estudante do IF Baiano concorre a uma vaga no Parlamento Juvenil do Mercosul"},"content":{"rendered":"<h2><\/h2>\n<div style=\"width: 634px\" class=\"wp-caption aligncenter\"><img decoding=\"async\" loading=\"lazy\" class=\" \" src=\"http:\/\/ifbaiano.edu.br\/portal\/wp-content\/uploads\/2016\/09\/14489039_983937658383945_131514365_o.jpg\" alt=\"Mariana \u00cdbera Brito\" width=\"624\" height=\"468\" \/><p class=\"wp-caption-text\">Mariana \u00cdbera Brito<\/p><\/div>\n<h3><strong><a href=\"http:\/\/ifbaiano.edu.br\/portal\/blog\/2016\/09\/30\/estudante-do-if-baiano-concorre-a-uma-vaga-no-parlamento-juvenil-do-mercosul\/\" target=\"_blank\">Estudante do IF Baiano concorre a uma vaga no Parlamento Juvenil do Mercosul<\/a><\/strong><\/h3>\n<p>Mariana \u00cdbera Brito Sala, estudante do curso T\u00e9cnico em Zootecnia, do IF Baiano \u2013 Campus Santa In\u00eas foi selecionada paraEstudante Mariana Sala participar do Processo Eleitoral que escolher\u00e1 o representante da Bahia no Parlamento Juvenil do Mercosul. Al\u00e9m dela, mais tr\u00eas estudantes da Rede Estadual participar\u00e3o da elei\u00e7\u00e3o online que ocorrer\u00e1, entre os dias 30 de outubro a 5 de novembro, e definir\u00e1 o representante do Estado no Parlamento. O mandato ser\u00e1 de dois anos.<\/p>\n<h2>Estudante do IF Baiano fala sobre elei\u00e7\u00e3o para o Parlamento Juvenil do Mercosul<\/h2>\n<h3><strong>Blog do Instituto &#8211; Bem Baiano &#8211; <a href=\"http:\/\/ifbembaiano.blogspot.com.br\/2016\/09\/estudante-do-if-baiano-fala-sobre.html#more\" target=\"_blank\">Leia mais direto do Blog Bem Baiano!<\/a><\/strong><\/h3>\n<p><!--more-->03 de outubro de 2016<\/p>\n","protected":false},"excerpt":{"rendered":"<p>Mariana \u00cdbera Brito Sala, estudante do curso T\u00e9cnico em Zootecnia, do IF Baiano \u2013 Campus Santa In\u00eas foi selecionada para Estudante Mariana Sala participar do Processo Eleitoral que escolher\u00e1 o representante da Bahia no Parlamento Juvenil do Mercosul.<\/p>\n","protected":false},"author":7,"featured_media":0,"comment_status":"closed","ping_status":"closed","sticky":false,"template":"","format":"standard","meta":[],"categories":[4,10,57],"tags":[],"_links":{"self":[{"href":"https:\/\/www.ifbaiano.edu.br\/unidades\/santaines\/wp-json\/wp\/v2\/posts\/7248"}],"collection":[{"href":"https:\/\/www.ifbaiano.edu.br\/unidades\/santaines\/wp-json\/wp\/v2\/posts"}],"about":[{"href":"https:\/\/www.ifbaiano.edu.br\/unidades\/santaines\/wp-json\/wp\/v2\/types\/post"}],"author":[{"embeddable":true,"href":"https:\/\/www.ifbaiano.edu.br\/unidades\/santaines\/wp-json\/wp\/v2\/users\/7"}],"replies":[{"embeddable":true,"href":"https:\/\/www.ifbaiano.edu.br\/unidades\/santaines\/wp-json\/wp\/v2\/comments?post=7248"}],"version-history":[{"count":6,"href":"https:\/\/www.ifbaiano.edu.br\/unidades\/santaines\/wp-json\/wp\/v2\/posts\/7248\/revisions"}],"predecessor-version":[{"id":7253,"href":"https:\/\/www.ifbaiano.edu.br\/unidades\/santaines\/wp-json\/wp\/v2\/posts\/7248\/revisions\/7253"}],"wp:attachment":[{"href":"https:\/\/www.ifbaiano.edu.br\/unidades\/santaines\/wp-json\/wp\/v2\/media?parent=7248"}],"wp:term":[{"taxonomy":"category","embeddable":true,"href":"https:\/\/www.ifbaiano.edu.br\/unidades\/santaines\/wp-json\/wp\/v2\/categories?post=7248"},{"taxonomy":"post_tag","embeddable":true,"href":"https:\/\/www.ifbaiano.edu.br\/unidades\/santaines\/wp-json\/wp\/v2\/tags?post=7248"}],"curies":[{"name":"wp","href":"https:\/\/api.w.org\/{rel}","templated":true}]}}