{"id":7371,"date":"2017-01-24T15:22:22","date_gmt":"2017-01-24T18:22:22","guid":{"rendered":"http:\/\/www.ifbaiano.edu.br\/unidades\/santaines\/?p=7371"},"modified":"2017-01-24T15:48:44","modified_gmt":"2017-01-24T18:48:44","slug":"retorno-das-atividades-letivas","status":"publish","type":"post","link":"https:\/\/www.ifbaiano.edu.br\/unidades\/santaines\/retorno-das-atividades-letivas\/","title":{"rendered":"Retorno das Atividades Letivas"},"content":{"rendered":"<p style=\"text-align: justify\">Informamos \u00e0 comunidade que o retorno das atividades letivas ser\u00e1 no dia 25 de Janeiro de 2017.<br \/>\nEsclarecemos que os servidores em greve retornaram as atividades em 19 de dezembro de 2016, no entanto as representa\u00e7\u00f5es estudantis deliberaram em assembleia pelo retorno das atividades acad\u00eamicas no dia 25 de janeiro de 2017.<br \/>\nAs informa\u00e7\u00f5es referentes a conclus\u00e3o do Semestre 2016.1 dos Cursos Superiores ser\u00e3o veiculadas nos e-mails das turmas e dos servidores.<\/p>\n","protected":false},"excerpt":{"rendered":"<p>Informamos \u00e0 comunidade que o retorno das atividades letivas ser\u00e1 no dia 25 de Janeiro de 2017. <\/p>\n","protected":false},"author":7,"featured_media":0,"comment_status":"closed","ping_status":"closed","sticky":false,"template":"","format":"standard","meta":[],"categories":[4,5,10],"tags":[],"_links":{"self":[{"href":"https:\/\/www.ifbaiano.edu.br\/unidades\/santaines\/wp-json\/wp\/v2\/posts\/7371"}],"collection":[{"href":"https:\/\/www.ifbaiano.edu.br\/unidades\/santaines\/wp-json\/wp\/v2\/posts"}],"about":[{"href":"https:\/\/www.ifbaiano.edu.br\/unidades\/santaines\/wp-json\/wp\/v2\/types\/post"}],"author":[{"embeddable":true,"href":"https:\/\/www.ifbaiano.edu.br\/unidades\/santaines\/wp-json\/wp\/v2\/users\/7"}],"replies":[{"embeddable":true,"href":"https:\/\/www.ifbaiano.edu.br\/unidades\/santaines\/wp-json\/wp\/v2\/comments?post=7371"}],"version-history":[{"count":1,"href":"https:\/\/www.ifbaiano.edu.br\/unidades\/santaines\/wp-json\/wp\/v2\/posts\/7371\/revisions"}],"predecessor-version":[{"id":7372,"href":"https:\/\/www.ifbaiano.edu.br\/unidades\/santaines\/wp-json\/wp\/v2\/posts\/7371\/revisions\/7372"}],"wp:attachment":[{"href":"https:\/\/www.ifbaiano.edu.br\/unidades\/santaines\/wp-json\/wp\/v2\/media?parent=7371"}],"wp:term":[{"taxonomy":"category","embeddable":true,"href":"https:\/\/www.ifbaiano.edu.br\/unidades\/santaines\/wp-json\/wp\/v2\/categories?post=7371"},{"taxonomy":"post_tag","embeddable":true,"href":"https:\/\/www.ifbaiano.edu.br\/unidades\/santaines\/wp-json\/wp\/v2\/tags?post=7371"}],"curies":[{"name":"wp","href":"https:\/\/api.w.org\/{rel}","templated":true}]}}