{"id":7376,"date":"2017-01-12T15:32:11","date_gmt":"2017-01-12T18:32:11","guid":{"rendered":"http:\/\/www.ifbaiano.edu.br\/unidades\/santaines\/?p=7376"},"modified":"2017-01-24T15:49:47","modified_gmt":"2017-01-24T18:49:47","slug":"atencao-publicado-as-listas-de-classificacao-preliminar-para-o-ingresso-de-estudantes-no-ensino-medio-2017","status":"publish","type":"post","link":"https:\/\/www.ifbaiano.edu.br\/unidades\/santaines\/atencao-publicado-as-listas-de-classificacao-preliminar-para-o-ingresso-de-estudantes-no-ensino-medio-2017\/","title":{"rendered":"Aten\u00e7\u00e3o! Publicado as Listas com as Classifica\u00e7\u00f5es Preliminares para o Ingresso de Estudantes no Ensino M\u00e9dio &#8211; 2017"},"content":{"rendered":"<p>Encontra-se publicado as Rela\u00e7\u00f5es dos Classificados (preliminares) para o Ensino M\u00e9dio dos campi.<br \/>\nAcesse as <span style=\"text-decoration: underline\"><strong><a href=\"http:\/\/ifbaiano.edu.br\/portal\/ingresso-de-estudantes-2017\/relacoes-de-classificacao-preliminar\/\" target=\"_blank\">Rela\u00e7\u00f5es de Classifica\u00e7\u00e3o Preliminar<\/a><\/strong><\/span><\/p>\n<p>Acesse diretamente a p\u00e1gina com os Editais e Documentos do IF Baiano<br \/>\npara <span style=\"text-decoration: underline\"><strong><a href=\"http:\/\/ifbaiano.edu.br\/portal\/ingresso-de-estudantes-2017\/editais-e-documentos\/\" target=\"_blank\">Ingresso de Estudantes &#8211; Per\u00edodo 2017<\/a><\/strong><\/span><\/p>\n<p>Secretaria de Registros Acad\u00eamicos<br \/>\nCoordena\u00e7\u00e3o de Ensino dos Cursos T\u00e9cnicos e Tecnol\u00f3gico<\/p>\n","protected":false},"excerpt":{"rendered":"<p>Encontra-se publicado as Rela\u00e7\u00f5es dos Classificados (preliminar) para o Ensino M\u00e9dio para o campus Santa In\u00eas e demais campi.<\/p>\n","protected":false},"author":7,"featured_media":0,"comment_status":"closed","ping_status":"closed","sticky":false,"template":"","format":"standard","meta":[],"categories":[13,10,8],"tags":[],"_links":{"self":[{"href":"https:\/\/www.ifbaiano.edu.br\/unidades\/santaines\/wp-json\/wp\/v2\/posts\/7376"}],"collection":[{"href":"https:\/\/www.ifbaiano.edu.br\/unidades\/santaines\/wp-json\/wp\/v2\/posts"}],"about":[{"href":"https:\/\/www.ifbaiano.edu.br\/unidades\/santaines\/wp-json\/wp\/v2\/types\/post"}],"author":[{"embeddable":true,"href":"https:\/\/www.ifbaiano.edu.br\/unidades\/santaines\/wp-json\/wp\/v2\/users\/7"}],"replies":[{"embeddable":true,"href":"https:\/\/www.ifbaiano.edu.br\/unidades\/santaines\/wp-json\/wp\/v2\/comments?post=7376"}],"version-history":[{"count":6,"href":"https:\/\/www.ifbaiano.edu.br\/unidades\/santaines\/wp-json\/wp\/v2\/posts\/7376\/revisions"}],"predecessor-version":[{"id":7382,"href":"https:\/\/www.ifbaiano.edu.br\/unidades\/santaines\/wp-json\/wp\/v2\/posts\/7376\/revisions\/7382"}],"wp:attachment":[{"href":"https:\/\/www.ifbaiano.edu.br\/unidades\/santaines\/wp-json\/wp\/v2\/media?parent=7376"}],"wp:term":[{"taxonomy":"category","embeddable":true,"href":"https:\/\/www.ifbaiano.edu.br\/unidades\/santaines\/wp-json\/wp\/v2\/categories?post=7376"},{"taxonomy":"post_tag","embeddable":true,"href":"https:\/\/www.ifbaiano.edu.br\/unidades\/santaines\/wp-json\/wp\/v2\/tags?post=7376"}],"curies":[{"name":"wp","href":"https:\/\/api.w.org\/{rel}","templated":true}]}}