{"id":7384,"date":"2017-03-13T10:13:56","date_gmt":"2017-03-13T13:13:56","guid":{"rendered":"http:\/\/www.ifbaiano.edu.br\/unidades\/santaines\/?p=7384"},"modified":"2017-03-17T14:44:31","modified_gmt":"2017-03-17T17:44:31","slug":"atencao-publicado-edital-222016-paise-2016-2","status":"publish","type":"post","link":"https:\/\/www.ifbaiano.edu.br\/unidades\/santaines\/atencao-publicado-edital-222016-paise-2016-2\/","title":{"rendered":"PAISE 2016.2.2: Publicado a Rela\u00e7\u00e3o dos Estudantes Selecionados para Recebimento de Aux\u00edlios e o Resultado do Recurso"},"content":{"rendered":"<p>Caros Alunos, Servidores e Comunidade,<\/p>\n<p><strong>ATEN\u00c7\u00c3O:<\/strong><\/p>\n<h3><strong><a href=\"http:\/\/selecionados2016.2.2\">Rela\u00e7\u00e3o de Estudantes Selecionados\u00a0para Recebimento de Aux\u00edlios<\/a>\u00a0(<span style=\"color: #ff0000\">Novo<\/span>)<\/strong><\/h3>\n<h3><strong><a href=\"http:\/\/www.ifbaiano.edu.br\/unidades\/santaines\/files\/2017\/03\/Recursos-PAISE-2016.2.2.pdf\">RESULTADO RECURSOS EDITAL PAISE 2016.2.2<\/a>\u00a0(<span style=\"color: #ff0000\">Novo<\/span>)<\/strong><\/h3>\n<p>Publicado a Rela\u00e7\u00e3o dos Estudantes Pr\u00e9-Selecionados para Recebimento de Aux\u00edlios<\/p>\n<p><strong>PAISE &#8211; Per\u00edodo 2016.2.2<\/strong><\/p>\n<p><a href=\"http:\/\/www.ifbaiano.edu.br\/unidades\/santaines\/files\/2017\/03\/preselecionados2016.2.2.pdf\" target=\"_blank\"><strong>Acessar \u00a0(PDF)<\/strong><\/a><\/p>\n<p>Publicado em 13 de mar\u00e7o de 2017<\/p>\n<p><!--more--><\/p>\n<p>EDITAL N\u00ba 09\/2017 &#8211; PROGRAMA DE ASSIST\u00caNCIA ESTUDANTIL<br \/>\nSOCIAL DO ESTUDANTE &#8211; PAISE<\/p>\n<p>ATEN\u00c7\u00c3O!!!<br \/>\n<a href=\"http:\/\/www.ifbaiano.edu.br\/unidades\/santaines\/files\/2017\/01\/editalapaise2016.2.2.-todososaux\u00edlioserrataedital092017.pdf\" target=\"_blank\">ALTERA\u00c7\u00d5ES NO EDITAL &#8211; ACESSEM EDITAL<br \/>\n<\/a><strong>Postado em 07\/03\/2017<\/strong><\/p>\n<p><em>&#8230; altera o Cronograma de Prazos, O Valor dos Aux\u00edlios e a Disponibilidade de<br \/>\n<\/em><em>Aux\u00edlios do Edital 41\/2016 &#8211; PAISE 2016.2.2<\/em><\/p>\n<p><!--more--><\/p>\n<p><!--more--><\/p>\n<p><strong>Aten\u00e7\u00e3o!\u00a0<\/strong>Publicado a rela\u00e7\u00e3o de estudantes \u00a0selecionados PAISE 2016.2<\/p>\n<ul>\n<li><strong><a href=\"http:\/\/www.ifbaiano.edu.br\/unidades\/santaines\/files\/2017\/01\/selecionados-paise2016.2.pdf\">ACESSAR LISTA\u00a0<\/a>\u00a0<\/strong><\/li>\n<\/ul>\n<p>Publicado \u00a0o resultado dos recursos ao Edital 2016.2 do PAISE<\/p>\n<ul>\n<li><strong><a href=\"http:\/\/www.ifbaiano.edu.br\/unidades\/santaines\/files\/2017\/01\/COMISSAO-DE-ASSISTENCIA-ESTUDANTIL.pdf\">ACESSAR LISTA<\/a>\u00a0<\/strong><\/li>\n<\/ul>\n<p>Publicado a lista de estudantes Pr\u00e9-Selecionados PAISE 2016.2<br \/>\nCampus Santa In\u00eas, 25\/01\/2017<\/p>\n<ul>\n<li><strong><a href=\"http:\/\/www.ifbaiano.edu.br\/unidades\/santaines\/files\/2017\/01\/pre_selecao_paise_2016_2-1.pdf\" target=\"_blank\">ACESSAR LISTA<\/a><\/strong><\/li>\n<\/ul>\n<p>Informamos que se encontra publicado o Edital\u00a022\/2016 &#8211; PAISE 2016.2<\/p>\n<p>referente ao cronograma de ALTERA\u00c7\u00c3O DOS PRAZOS<\/p>\n<ul>\n<li><strong><a href=\"http:\/\/www.ifbaiano.edu.br\/unidades\/santaines\/files\/2017\/01\/cronograma_alteracao_-de-prazos_edital_22_PAISE_2016_2.pdf\" target=\"_blank\">EDITAL<\/a>\u00a0<\/strong><\/li>\n<\/ul>\n<p>&nbsp;<\/p>\n<p>&nbsp;<\/p>\n<p><!--more--><\/p>\n<p><!--more--><\/p>\n","protected":false},"excerpt":{"rendered":"<p>Saiba mais<\/p>\n","protected":false},"author":7,"featured_media":0,"comment_status":"closed","ping_status":"closed","sticky":false,"template":"","format":"standard","meta":[],"categories":[4,38,5,10,57],"tags":[],"_links":{"self":[{"href":"https:\/\/www.ifbaiano.edu.br\/unidades\/santaines\/wp-json\/wp\/v2\/posts\/7384"}],"collection":[{"href":"https:\/\/www.ifbaiano.edu.br\/unidades\/santaines\/wp-json\/wp\/v2\/posts"}],"about":[{"href":"https:\/\/www.ifbaiano.edu.br\/unidades\/santaines\/wp-json\/wp\/v2\/types\/post"}],"author":[{"embeddable":true,"href":"https:\/\/www.ifbaiano.edu.br\/unidades\/santaines\/wp-json\/wp\/v2\/users\/7"}],"replies":[{"embeddable":true,"href":"https:\/\/www.ifbaiano.edu.br\/unidades\/santaines\/wp-json\/wp\/v2\/comments?post=7384"}],"version-history":[{"count":26,"href":"https:\/\/www.ifbaiano.edu.br\/unidades\/santaines\/wp-json\/wp\/v2\/posts\/7384\/revisions"}],"predecessor-version":[{"id":7496,"href":"https:\/\/www.ifbaiano.edu.br\/unidades\/santaines\/wp-json\/wp\/v2\/posts\/7384\/revisions\/7496"}],"wp:attachment":[{"href":"https:\/\/www.ifbaiano.edu.br\/unidades\/santaines\/wp-json\/wp\/v2\/media?parent=7384"}],"wp:term":[{"taxonomy":"category","embeddable":true,"href":"https:\/\/www.ifbaiano.edu.br\/unidades\/santaines\/wp-json\/wp\/v2\/categories?post=7384"},{"taxonomy":"post_tag","embeddable":true,"href":"https:\/\/www.ifbaiano.edu.br\/unidades\/santaines\/wp-json\/wp\/v2\/tags?post=7384"}],"curies":[{"name":"wp","href":"https:\/\/api.w.org\/{rel}","templated":true}]}}