{"id":7427,"date":"2017-02-13T11:48:37","date_gmt":"2017-02-13T14:48:37","guid":{"rendered":"http:\/\/www.ifbaiano.edu.br\/unidades\/santaines\/?p=7427"},"modified":"2017-02-16T15:49:04","modified_gmt":"2017-02-16T18:49:04","slug":"publicado-edital-do-programa-de-assistencia-e-inclusao-social","status":"publish","type":"post","link":"https:\/\/www.ifbaiano.edu.br\/unidades\/santaines\/publicado-edital-do-programa-de-assistencia-e-inclusao-social\/","title":{"rendered":"Publicado Edital do Programa de Assist\u00eancia e Inclus\u00e3o Social"},"content":{"rendered":"<p>Publicado edital que estabelece as normas e crit\u00e9rios para sele\u00e7\u00e3o de estudantes da<br \/>\nEduca\u00e7\u00e3o Profissional e T\u00e9cnica de N\u00edvel M\u00e9dio, Gradua\u00e7\u00e3o, P\u00f3s-Gradua\u00e7\u00e3o, Educa\u00e7\u00e3o<br \/>\na Dist\u00e2ncia (EaD) e do Programa de Integra\u00e7\u00e3o da Educa\u00e7\u00e3o Profissional T\u00e9cnica de N\u00edvel<br \/>\nM\u00e9dio na modalidade EJA-PROEJA, com a finalidade da participa\u00e7\u00e3o na<br \/>\n<strong>Pol\u00edtica de\u00a0<\/strong><strong>Assist\u00eancia Estudantil deste Instituto<\/strong>,<br \/>\natrav\u00e9s do <strong>Programa de Assist\u00eancia e Inclus\u00e3o Social do Estudante &#8211; PAISE<\/strong>.<\/p>\n<p><strong><a href=\"http:\/\/www.ifbaiano.edu.br\/unidades\/santaines\/files\/2017\/02\/Edital_PAISE_41_2016_2_2.pdf\">ACESSAR EDITAL_PAISE_(41_2016_2_2)<\/a><\/strong><\/p>\n","protected":false},"excerpt":{"rendered":"<p>PAISE 2016 &#8211;\u00a0PROGRAMA DE ASSIST\u00caNCIA E INCLUS\u00c3O SOCIAL DO ESTUDANTE<br \/>\nAten\u00e7\u00e3o alunos! Publicado edital. Acessem edital n\u00ba 41 \/2016.2.2 <\/p>\n","protected":false},"author":7,"featured_media":0,"comment_status":"closed","ping_status":"closed","sticky":false,"template":"","format":"standard","meta":[],"categories":[4,38,10],"tags":[],"_links":{"self":[{"href":"https:\/\/www.ifbaiano.edu.br\/unidades\/santaines\/wp-json\/wp\/v2\/posts\/7427"}],"collection":[{"href":"https:\/\/www.ifbaiano.edu.br\/unidades\/santaines\/wp-json\/wp\/v2\/posts"}],"about":[{"href":"https:\/\/www.ifbaiano.edu.br\/unidades\/santaines\/wp-json\/wp\/v2\/types\/post"}],"author":[{"embeddable":true,"href":"https:\/\/www.ifbaiano.edu.br\/unidades\/santaines\/wp-json\/wp\/v2\/users\/7"}],"replies":[{"embeddable":true,"href":"https:\/\/www.ifbaiano.edu.br\/unidades\/santaines\/wp-json\/wp\/v2\/comments?post=7427"}],"version-history":[{"count":4,"href":"https:\/\/www.ifbaiano.edu.br\/unidades\/santaines\/wp-json\/wp\/v2\/posts\/7427\/revisions"}],"predecessor-version":[{"id":7432,"href":"https:\/\/www.ifbaiano.edu.br\/unidades\/santaines\/wp-json\/wp\/v2\/posts\/7427\/revisions\/7432"}],"wp:attachment":[{"href":"https:\/\/www.ifbaiano.edu.br\/unidades\/santaines\/wp-json\/wp\/v2\/media?parent=7427"}],"wp:term":[{"taxonomy":"category","embeddable":true,"href":"https:\/\/www.ifbaiano.edu.br\/unidades\/santaines\/wp-json\/wp\/v2\/categories?post=7427"},{"taxonomy":"post_tag","embeddable":true,"href":"https:\/\/www.ifbaiano.edu.br\/unidades\/santaines\/wp-json\/wp\/v2\/tags?post=7427"}],"curies":[{"name":"wp","href":"https:\/\/api.w.org\/{rel}","templated":true}]}}