{"id":7435,"date":"2017-02-16T14:58:25","date_gmt":"2017-02-16T17:58:25","guid":{"rendered":"http:\/\/www.ifbaiano.edu.br\/unidades\/santaines\/?p=7435"},"modified":"2017-02-17T09:08:22","modified_gmt":"2017-02-17T12:08:22","slug":"inicio-do-semestre-2016-2-dos-cursos-superiores","status":"publish","type":"post","link":"https:\/\/www.ifbaiano.edu.br\/unidades\/santaines\/inicio-do-semestre-2016-2-dos-cursos-superiores\/","title":{"rendered":"In\u00edcio do Semestre 2016.2 dos Cursos Superiores"},"content":{"rendered":"<p>Informamos aos discentes dos Cursos Superiores do IF Baiano Campus Santa In\u00eas que as atividades letivas do Semestre 2016.2 iniciar\u00e3o no dia 20\/02\/2017, conforme programa\u00e7\u00e3o abaixo:<\/p>\n<p>Local: Audit\u00f3rio da Biblioteca<br \/>\nHor\u00e1rio: 09h00min<br \/>\nAtividade: Recep\u00e7\u00e3o\/Informa\u00e7\u00f5es<br \/>\nP\u00fablico Alvo: Ingressantes do Curso de Bacharelado em Zootecnia<\/p>\n<p>Local: Sala 03 (Pavilh\u00e3o de aulas)<br \/>\nHor\u00e1rio: 19h00min<br \/>\nAtividade: Recep\u00e7\u00e3o\/Informa\u00e7\u00f5es<br \/>\nP\u00fablico Alvo: Ingressantes do Curso de Licenciatura em Ci\u00eancias Biol\u00f3gicas<\/p>\n<p>Local: Sala 06 (Pavilh\u00e3o de aulas)<br \/>\nHor\u00e1rio: 19h00min<br \/>\nAtividade: Recep\u00e7\u00e3o\/Informa\u00e7\u00f5es<br \/>\nP\u00fablico Alvo: Ingressantes do Curso de Licenciatura em Geografia<\/p>\n","protected":false},"excerpt":{"rendered":"<p>Informamos aos discentes dos Cursos Superiores do IF Baiano Campus Santa In\u00eas que as atividades letivas do Semestre 2016.2 iniciar\u00e3o no dia 20\/02\/2017<\/p>\n","protected":false},"author":1,"featured_media":0,"comment_status":"closed","ping_status":"closed","sticky":false,"template":"","format":"standard","meta":[],"categories":[4,12,5,10,57],"tags":[],"_links":{"self":[{"href":"https:\/\/www.ifbaiano.edu.br\/unidades\/santaines\/wp-json\/wp\/v2\/posts\/7435"}],"collection":[{"href":"https:\/\/www.ifbaiano.edu.br\/unidades\/santaines\/wp-json\/wp\/v2\/posts"}],"about":[{"href":"https:\/\/www.ifbaiano.edu.br\/unidades\/santaines\/wp-json\/wp\/v2\/types\/post"}],"author":[{"embeddable":true,"href":"https:\/\/www.ifbaiano.edu.br\/unidades\/santaines\/wp-json\/wp\/v2\/users\/1"}],"replies":[{"embeddable":true,"href":"https:\/\/www.ifbaiano.edu.br\/unidades\/santaines\/wp-json\/wp\/v2\/comments?post=7435"}],"version-history":[{"count":2,"href":"https:\/\/www.ifbaiano.edu.br\/unidades\/santaines\/wp-json\/wp\/v2\/posts\/7435\/revisions"}],"predecessor-version":[{"id":7437,"href":"https:\/\/www.ifbaiano.edu.br\/unidades\/santaines\/wp-json\/wp\/v2\/posts\/7435\/revisions\/7437"}],"wp:attachment":[{"href":"https:\/\/www.ifbaiano.edu.br\/unidades\/santaines\/wp-json\/wp\/v2\/media?parent=7435"}],"wp:term":[{"taxonomy":"category","embeddable":true,"href":"https:\/\/www.ifbaiano.edu.br\/unidades\/santaines\/wp-json\/wp\/v2\/categories?post=7435"},{"taxonomy":"post_tag","embeddable":true,"href":"https:\/\/www.ifbaiano.edu.br\/unidades\/santaines\/wp-json\/wp\/v2\/tags?post=7435"}],"curies":[{"name":"wp","href":"https:\/\/api.w.org\/{rel}","templated":true}]}}