{"id":7439,"date":"2017-02-16T15:42:48","date_gmt":"2017-02-16T18:42:48","guid":{"rendered":"http:\/\/www.ifbaiano.edu.br\/unidades\/santaines\/?p=7439"},"modified":"2017-02-17T09:07:42","modified_gmt":"2017-02-17T12:07:42","slug":"convocacao-de-discentes-para-ajustes-de-matricula-curso-de-licenciatura-em-geografia-semestre-2016-2","status":"publish","type":"post","link":"https:\/\/www.ifbaiano.edu.br\/unidades\/santaines\/convocacao-de-discentes-para-ajustes-de-matricula-curso-de-licenciatura-em-geografia-semestre-2016-2\/","title":{"rendered":"Convoca\u00e7\u00e3o de discentes para ajustes de Matr\u00edcula &#8211; Curso de Licenciatura em Geografia &#8211; Semestre 2016.2"},"content":{"rendered":"<p>Considerando os procedimentos contantes no Edital 35\/2016, informamos a rela\u00e7\u00e3o dos componentes curriculares do Curso de Licenciatura em Geografia que excederam o limite de vagas, bem como dos estudantes que dever\u00e3o comparecer a SRA para ajustes da matr\u00edcula no dia 20\/02\/2017, no per\u00edodo das 16h30min \u00e0s 21h30min.<\/p>\n<h3><strong><a href=\"\/\/www.ifbaiano.edu.br\/unidades\/santaines\/files\/2017\/02\/AJUSTE-DE-MATRICULA-GOEGRAFIA-2016.2.pdf\">AJUSTE DE MATRICULA &#8211; GEOGRAFIA &#8211; 2016.2 (Acesse a lista aqui)<\/a><\/strong><\/h3>\n<p>&nbsp;<\/p>\n<p>&nbsp;<\/p>\n","protected":false},"excerpt":{"rendered":"<p>Acesse a lista <\/p>\n","protected":false},"author":1,"featured_media":0,"comment_status":"closed","ping_status":"closed","sticky":false,"template":"","format":"standard","meta":[],"categories":[4,38,12,10,57],"tags":[],"_links":{"self":[{"href":"https:\/\/www.ifbaiano.edu.br\/unidades\/santaines\/wp-json\/wp\/v2\/posts\/7439"}],"collection":[{"href":"https:\/\/www.ifbaiano.edu.br\/unidades\/santaines\/wp-json\/wp\/v2\/posts"}],"about":[{"href":"https:\/\/www.ifbaiano.edu.br\/unidades\/santaines\/wp-json\/wp\/v2\/types\/post"}],"author":[{"embeddable":true,"href":"https:\/\/www.ifbaiano.edu.br\/unidades\/santaines\/wp-json\/wp\/v2\/users\/1"}],"replies":[{"embeddable":true,"href":"https:\/\/www.ifbaiano.edu.br\/unidades\/santaines\/wp-json\/wp\/v2\/comments?post=7439"}],"version-history":[{"count":5,"href":"https:\/\/www.ifbaiano.edu.br\/unidades\/santaines\/wp-json\/wp\/v2\/posts\/7439\/revisions"}],"predecessor-version":[{"id":7447,"href":"https:\/\/www.ifbaiano.edu.br\/unidades\/santaines\/wp-json\/wp\/v2\/posts\/7439\/revisions\/7447"}],"wp:attachment":[{"href":"https:\/\/www.ifbaiano.edu.br\/unidades\/santaines\/wp-json\/wp\/v2\/media?parent=7439"}],"wp:term":[{"taxonomy":"category","embeddable":true,"href":"https:\/\/www.ifbaiano.edu.br\/unidades\/santaines\/wp-json\/wp\/v2\/categories?post=7439"},{"taxonomy":"post_tag","embeddable":true,"href":"https:\/\/www.ifbaiano.edu.br\/unidades\/santaines\/wp-json\/wp\/v2\/tags?post=7439"}],"curies":[{"name":"wp","href":"https:\/\/api.w.org\/{rel}","templated":true}]}}