{"id":7455,"date":"2017-03-03T16:52:18","date_gmt":"2017-03-03T19:52:18","guid":{"rendered":"http:\/\/www.ifbaiano.edu.br\/unidades\/santaines\/?p=7455"},"modified":"2017-03-06T09:41:37","modified_gmt":"2017-03-06T12:41:37","slug":"3a-chamada-do-processo-seletivo-2017","status":"publish","type":"post","link":"https:\/\/www.ifbaiano.edu.br\/unidades\/santaines\/3a-chamada-do-processo-seletivo-2017\/","title":{"rendered":"3\u00aa Chamada do Processo Seletivo 2017"},"content":{"rendered":"<p style=\"text-align: justify\">O Diretor Geral do Instituto Federal de Educa\u00e7\u00e3o, Ci\u00eancia e Tecnologia Baiano Campus Santa In\u00eas, no uso de suas atribui\u00e7\u00f5es legais, convoca os candidatos(as) classificado(as) no Processo Seletivo para Ingresso de Estudantes em 2017, Edital n\u00ba 61 de setembro de 2016, para matr\u00edcula conforme descrito neste edital.<\/p>\n<p style=\"text-align: justify\">Os candidatos convocados para pleitear a vaga da 3\u00aa chamada devem comparecer at\u00e9 as 9:30h\u00a0munidos de todos os documentos exigidos para realiza\u00e7\u00e3o da matr\u00edcula. Ap\u00f3s este hor\u00e1rio o candidato n\u00e3o ter\u00e1 direito a pleitear a vaga.<\/p>\n<p style=\"text-align: justify\">Local: Audit\u00f3rio da biblioteca<\/p>\n<h3 style=\"text-align: justify\"><a href=\"http:\/\/www.ifbaiano.edu.br\/unidades\/santaines\/files\/2017\/03\/Santa-Ines-Edital-de-Matricula-Integrado.pdf\">Acesse o Edital\u00a0<\/a><\/h3>\n<h3><a href=\"http:\/\/www.ifbaiano.edu.br\/unidades\/santaines\/files\/2017\/03\/Rela%C3%A7%C3%A3o-de-chamada-p%C3%BAblica-2017-integrado-1.pdf\">Acesse a Lista de Convocados\u00a0<\/a><\/h3>\n<p>&nbsp;<\/p>\n<p>&nbsp;<\/p>\n<p>&nbsp;<\/p>\n","protected":false},"excerpt":{"rendered":"<p>Todos os candidatos convocados para pleitear a vaga da 3\u00aa chamada devem comparecer no dia 08 de mar\u00e7o de 2017 \u00e0s 9h30min.  <\/p>\n","protected":false},"author":1,"featured_media":0,"comment_status":"closed","ping_status":"closed","sticky":false,"template":"","format":"standard","meta":[],"categories":[4,5,6,7,10,57],"tags":[],"_links":{"self":[{"href":"https:\/\/www.ifbaiano.edu.br\/unidades\/santaines\/wp-json\/wp\/v2\/posts\/7455"}],"collection":[{"href":"https:\/\/www.ifbaiano.edu.br\/unidades\/santaines\/wp-json\/wp\/v2\/posts"}],"about":[{"href":"https:\/\/www.ifbaiano.edu.br\/unidades\/santaines\/wp-json\/wp\/v2\/types\/post"}],"author":[{"embeddable":true,"href":"https:\/\/www.ifbaiano.edu.br\/unidades\/santaines\/wp-json\/wp\/v2\/users\/1"}],"replies":[{"embeddable":true,"href":"https:\/\/www.ifbaiano.edu.br\/unidades\/santaines\/wp-json\/wp\/v2\/comments?post=7455"}],"version-history":[{"count":4,"href":"https:\/\/www.ifbaiano.edu.br\/unidades\/santaines\/wp-json\/wp\/v2\/posts\/7455\/revisions"}],"predecessor-version":[{"id":7461,"href":"https:\/\/www.ifbaiano.edu.br\/unidades\/santaines\/wp-json\/wp\/v2\/posts\/7455\/revisions\/7461"}],"wp:attachment":[{"href":"https:\/\/www.ifbaiano.edu.br\/unidades\/santaines\/wp-json\/wp\/v2\/media?parent=7455"}],"wp:term":[{"taxonomy":"category","embeddable":true,"href":"https:\/\/www.ifbaiano.edu.br\/unidades\/santaines\/wp-json\/wp\/v2\/categories?post=7455"},{"taxonomy":"post_tag","embeddable":true,"href":"https:\/\/www.ifbaiano.edu.br\/unidades\/santaines\/wp-json\/wp\/v2\/tags?post=7455"}],"curies":[{"name":"wp","href":"https:\/\/api.w.org\/{rel}","templated":true}]}}