{"id":7505,"date":"2017-03-22T14:29:04","date_gmt":"2017-03-22T17:29:04","guid":{"rendered":"http:\/\/www.ifbaiano.edu.br\/unidades\/santaines\/?p=7505"},"modified":"2017-04-24T11:25:10","modified_gmt":"2017-04-24T14:25:10","slug":"abertura-de-inscricoes-selecao-de-estagiario-do-nivel-medio-e-graduacao","status":"publish","type":"post","link":"https:\/\/www.ifbaiano.edu.br\/unidades\/santaines\/abertura-de-inscricoes-selecao-de-estagiario-do-nivel-medio-e-graduacao\/","title":{"rendered":"Sele\u00e7\u00e3o de Estagi\u00e1rios do N\u00edvel M\u00e9dio e Gradua\u00e7\u00e3o: Resultado Final"},"content":{"rendered":"<p style=\"text-align: justify\">O DIRETOR GERAL DO INSTITUTO FEDERAL DE EDUCA\u00c7\u00c3O, CI\u00caNCIA E TECNOLOGIA BAIANO \u2013 Campus SANTA IN\u00caS, no uso de suas atribui\u00e7\u00f5es legais e regimentais, torna p\u00fablico o RESULTADO FINAL do Processo Seletivo Simplificado para contrata\u00e7\u00e3o de estagi\u00e1rios do INSTITUTO FEDERAL DE EDUCA\u00c7\u00c3O, CI\u00caNCIA E TECNOLOGIA BAIANO \u2013 campus SANTA IN\u00caS, conforme quadro abaixo.<\/p>\n<p><strong><a href=\"http:\/\/www.ifbaiano.edu.br\/unidades\/santaines\/files\/2017\/03\/Edital-SELECAO-ESTAGIARIO-N-022-Resultado-Final.pdf\">RESULTADO FINAL<\/a>\u00a0(<span style=\"color: #ff0000\">Novo<\/span>)\u00a0<\/strong><\/p>\n<h3><strong><a href=\"http:\/\/www.ifbaiano.edu.br\/unidades\/santaines\/files\/2017\/03\/nota-informativa-025.pdf\">NOTA INFORMATIVO N\u00ba 02\u00a0<\/a><\/strong><\/h3>\n<h3><a href=\"http:\/\/www.ifbaiano.edu.br\/unidades\/santaines\/files\/2017\/03\/Edital-SELECAO-ESTAGIARIO-N-021-Resultado-Preliminar.pdf\"><strong>RESULTADO PRELIMINAR<\/strong>\u00a0<\/a><\/h3>\n<h3><strong><a href=\"http:\/\/www.ifbaiano.edu.br\/unidades\/santaines\/files\/2017\/03\/RESPOSTAS-AOS-RECURSOS-DE-HOMOLOGACAO-DE-INSCRICAO.pdf\">RESPOSTAS AOS RECURSOS DE HOMOLOGA\u00c7\u00c3O DE INSCRI\u00c7\u00c3O\u00a0<\/a><\/strong><\/h3>\n<h3><a href=\"http:\/\/www.ifbaiano.edu.br\/unidades\/santaines\/files\/2017\/03\/NOTA-INFORMATIVA-N-01-2.pdf\"><strong>NOTA INFORMATIVA N\u00b0 01<\/strong>\u00a0<\/a><\/h3>\n<h3><strong><a href=\"http:\/\/www.ifbaiano.edu.br\/unidades\/santaines\/files\/2017\/03\/Edital-SELEcao-ESTAGIARIO-N-15-Homologacao-Inscricao.pdf\">Homologa\u00e7\u00e3o das Inscri\u00e7\u00f5es<\/a>\u00a0<\/strong><\/h3>\n<h3><a href=\"http:\/\/www.ifbaiano.edu.br\/unidades\/santaines\/files\/2017\/03\/Edital-SELECAO-ESTAGIARIO-N-13-retificacao.pdf\">RETIFICA\u00c7\u00c3O DO EDITAL N\u00ba 007\/2017<\/a><\/h3>\n<h3 style=\"text-align: justify\"><strong><a href=\"http:\/\/www.ifbaiano.edu.br\/unidades\/santaines\/files\/2017\/03\/EDITAL-DE-SELECAO-DE-ESTAGIARIOS-NIVEL-MeDIO-E-GRADUACAO.pdf\">ACESSE O EDITAL DE SELE\u00c7\u00c3O DE ESTAGI\u00c1RIOS N\u00cdVEL M\u00c9DIO E GRADUA\u00c7\u00c3O\u00a0<\/a><\/strong><\/h3>\n<p>&nbsp;<\/p>\n<p>&nbsp;<\/p>\n<p>&nbsp;<\/p>\n","protected":false},"excerpt":{"rendered":"<p>Acesse a lista <\/p>\n","protected":false},"author":1,"featured_media":0,"comment_status":"closed","ping_status":"closed","sticky":false,"template":"","format":"standard","meta":[],"categories":[4,5,10,57],"tags":[],"_links":{"self":[{"href":"https:\/\/www.ifbaiano.edu.br\/unidades\/santaines\/wp-json\/wp\/v2\/posts\/7505"}],"collection":[{"href":"https:\/\/www.ifbaiano.edu.br\/unidades\/santaines\/wp-json\/wp\/v2\/posts"}],"about":[{"href":"https:\/\/www.ifbaiano.edu.br\/unidades\/santaines\/wp-json\/wp\/v2\/types\/post"}],"author":[{"embeddable":true,"href":"https:\/\/www.ifbaiano.edu.br\/unidades\/santaines\/wp-json\/wp\/v2\/users\/1"}],"replies":[{"embeddable":true,"href":"https:\/\/www.ifbaiano.edu.br\/unidades\/santaines\/wp-json\/wp\/v2\/comments?post=7505"}],"version-history":[{"count":24,"href":"https:\/\/www.ifbaiano.edu.br\/unidades\/santaines\/wp-json\/wp\/v2\/posts\/7505\/revisions"}],"predecessor-version":[{"id":7604,"href":"https:\/\/www.ifbaiano.edu.br\/unidades\/santaines\/wp-json\/wp\/v2\/posts\/7505\/revisions\/7604"}],"wp:attachment":[{"href":"https:\/\/www.ifbaiano.edu.br\/unidades\/santaines\/wp-json\/wp\/v2\/media?parent=7505"}],"wp:term":[{"taxonomy":"category","embeddable":true,"href":"https:\/\/www.ifbaiano.edu.br\/unidades\/santaines\/wp-json\/wp\/v2\/categories?post=7505"},{"taxonomy":"post_tag","embeddable":true,"href":"https:\/\/www.ifbaiano.edu.br\/unidades\/santaines\/wp-json\/wp\/v2\/tags?post=7505"}],"curies":[{"name":"wp","href":"https:\/\/api.w.org\/{rel}","templated":true}]}}