{"id":7510,"date":"2017-03-23T10:20:32","date_gmt":"2017-03-23T13:20:32","guid":{"rendered":"http:\/\/www.ifbaiano.edu.br\/unidades\/santaines\/?p=7510"},"modified":"2017-04-18T16:12:09","modified_gmt":"2017-04-18T19:12:09","slug":"processo-seletivo-2017-publicado-o-edital-para-candidatos-as-vagas-remanescentes","status":"publish","type":"post","link":"https:\/\/www.ifbaiano.edu.br\/unidades\/santaines\/processo-seletivo-2017-publicado-o-edital-para-candidatos-as-vagas-remanescentes\/","title":{"rendered":"Processo Seletivo 2017: Publicado o edital para candidatos \u00e0s vagas Remanescentes"},"content":{"rendered":"<p>O Diretor Geral do Instituto Federal Baiano Campus Santa In\u00eas torna p\u00fablica a abertura do processo de sele\u00e7\u00e3o de candidatos para provimento de vagas remanescentes do processo seletivo regido pelos Editais N\u00b0 61 e 64, de 05 de setembro de 2016, por meio de manifesta\u00e7\u00e3o de interesse na vaga no Curso T\u00e9cnico em Zootecnia, Modalidade Integrada, para o primeiro semestre de 2017, e Curso T\u00e9cnico em Inform\u00e1tica, Modalidade Subsequente, para o primeiro semestre de 2017.<\/p>\n<h3 style=\"text-align: justify\"><a href=\"http:\/\/www.ifbaiano.edu.br\/unidades\/santaines\/files\/2017\/03\/Edital-12_2017-VAGAS-REMANESCENTES.pdf\">Acesse o Edital 12_2017 &#8211; VAGAS REMANESCENTES\u00a0<\/a><\/h3>\n<p>&nbsp;<\/p>\n<p>&nbsp;<\/p>\n<p>&nbsp;<\/p>\n<p>&nbsp;<\/p>\n<p style=\"text-align: justify\">\n","protected":false},"excerpt":{"rendered":"<p>A sele\u00e7\u00e3o ser\u00e1 realizada mediante manifesta\u00e7\u00e3o presencial de interesse na vaga, diretamente no Campus Santa In\u00eas, e a classifica\u00e7\u00e3o e sele\u00e7\u00e3o dos candidatos ocorrer\u00e1 por meio de ordem de chegada, no dia 29 de mar\u00e7o de 2017, a partir das 07h30min. <\/p>\n","protected":false},"author":1,"featured_media":0,"comment_status":"closed","ping_status":"closed","sticky":false,"template":"","format":"standard","meta":[],"categories":[4,10],"tags":[],"_links":{"self":[{"href":"https:\/\/www.ifbaiano.edu.br\/unidades\/santaines\/wp-json\/wp\/v2\/posts\/7510"}],"collection":[{"href":"https:\/\/www.ifbaiano.edu.br\/unidades\/santaines\/wp-json\/wp\/v2\/posts"}],"about":[{"href":"https:\/\/www.ifbaiano.edu.br\/unidades\/santaines\/wp-json\/wp\/v2\/types\/post"}],"author":[{"embeddable":true,"href":"https:\/\/www.ifbaiano.edu.br\/unidades\/santaines\/wp-json\/wp\/v2\/users\/1"}],"replies":[{"embeddable":true,"href":"https:\/\/www.ifbaiano.edu.br\/unidades\/santaines\/wp-json\/wp\/v2\/comments?post=7510"}],"version-history":[{"count":8,"href":"https:\/\/www.ifbaiano.edu.br\/unidades\/santaines\/wp-json\/wp\/v2\/posts\/7510\/revisions"}],"predecessor-version":[{"id":7519,"href":"https:\/\/www.ifbaiano.edu.br\/unidades\/santaines\/wp-json\/wp\/v2\/posts\/7510\/revisions\/7519"}],"wp:attachment":[{"href":"https:\/\/www.ifbaiano.edu.br\/unidades\/santaines\/wp-json\/wp\/v2\/media?parent=7510"}],"wp:term":[{"taxonomy":"category","embeddable":true,"href":"https:\/\/www.ifbaiano.edu.br\/unidades\/santaines\/wp-json\/wp\/v2\/categories?post=7510"},{"taxonomy":"post_tag","embeddable":true,"href":"https:\/\/www.ifbaiano.edu.br\/unidades\/santaines\/wp-json\/wp\/v2\/tags?post=7510"}],"curies":[{"name":"wp","href":"https:\/\/api.w.org\/{rel}","templated":true}]}}