{"id":7525,"date":"2017-03-24T10:24:51","date_gmt":"2017-03-24T13:24:51","guid":{"rendered":"http:\/\/www.ifbaiano.edu.br\/unidades\/santaines\/?p=7525"},"modified":"2017-04-18T15:12:51","modified_gmt":"2017-04-18T18:12:51","slug":"ii-mostra-de-videos-de-praticas-em-quimica","status":"publish","type":"post","link":"https:\/\/www.ifbaiano.edu.br\/unidades\/santaines\/ii-mostra-de-videos-de-praticas-em-quimica\/","title":{"rendered":"II Mostra de V\u00eddeos de Pr\u00e1ticas em Qu\u00edmica"},"content":{"rendered":"<p>&nbsp;<\/p>\n<p>&nbsp;<\/p>\n<p><a href=\"http:\/\/www.ifbaiano.edu.br\/unidades\/santaines\/files\/2017\/03\/II-Mostra-de-V\u00eddeos-de-Pr\u00e1ticas-em-Qu\u00edmica.jpg\"><img decoding=\"async\" loading=\"lazy\" class=\"alignleft wp-image-7524\" src=\"http:\/\/www.ifbaiano.edu.br\/unidades\/santaines\/files\/2017\/03\/II-Mostra-de-V\u00eddeos-de-Pr\u00e1ticas-em-Qu\u00edmica.jpg\" alt=\"II Mostra de V\u00eddeos de Pr\u00e1ticas em Qu\u00edmica\" width=\"850\" height=\"638\" \/><\/a><\/p>\n","protected":false},"excerpt":{"rendered":"<p>Campus santa In\u00eas realiza a II Mostra de V\u00eddeos de Pr\u00e1ticas em Qu\u00edmica, neste s\u00e1bado, das 730 \u00e0s 11:50<\/p>\n","protected":false},"author":1,"featured_media":0,"comment_status":"closed","ping_status":"closed","sticky":false,"template":"","format":"standard","meta":[],"categories":[4,23,10],"tags":[],"_links":{"self":[{"href":"https:\/\/www.ifbaiano.edu.br\/unidades\/santaines\/wp-json\/wp\/v2\/posts\/7525"}],"collection":[{"href":"https:\/\/www.ifbaiano.edu.br\/unidades\/santaines\/wp-json\/wp\/v2\/posts"}],"about":[{"href":"https:\/\/www.ifbaiano.edu.br\/unidades\/santaines\/wp-json\/wp\/v2\/types\/post"}],"author":[{"embeddable":true,"href":"https:\/\/www.ifbaiano.edu.br\/unidades\/santaines\/wp-json\/wp\/v2\/users\/1"}],"replies":[{"embeddable":true,"href":"https:\/\/www.ifbaiano.edu.br\/unidades\/santaines\/wp-json\/wp\/v2\/comments?post=7525"}],"version-history":[{"count":3,"href":"https:\/\/www.ifbaiano.edu.br\/unidades\/santaines\/wp-json\/wp\/v2\/posts\/7525\/revisions"}],"predecessor-version":[{"id":7528,"href":"https:\/\/www.ifbaiano.edu.br\/unidades\/santaines\/wp-json\/wp\/v2\/posts\/7525\/revisions\/7528"}],"wp:attachment":[{"href":"https:\/\/www.ifbaiano.edu.br\/unidades\/santaines\/wp-json\/wp\/v2\/media?parent=7525"}],"wp:term":[{"taxonomy":"category","embeddable":true,"href":"https:\/\/www.ifbaiano.edu.br\/unidades\/santaines\/wp-json\/wp\/v2\/categories?post=7525"},{"taxonomy":"post_tag","embeddable":true,"href":"https:\/\/www.ifbaiano.edu.br\/unidades\/santaines\/wp-json\/wp\/v2\/tags?post=7525"}],"curies":[{"name":"wp","href":"https:\/\/api.w.org\/{rel}","templated":true}]}}