{"id":7542,"date":"2017-03-30T15:33:37","date_gmt":"2017-03-30T18:33:37","guid":{"rendered":"http:\/\/www.ifbaiano.edu.br\/unidades\/santaines\/?p=7542"},"modified":"2017-04-18T15:10:34","modified_gmt":"2017-04-18T18:10:34","slug":"renovacao-de-matricula-curso-tecnico-em-informatica-subsequente-semestre-2017-1","status":"publish","type":"post","link":"https:\/\/www.ifbaiano.edu.br\/unidades\/santaines\/renovacao-de-matricula-curso-tecnico-em-informatica-subsequente-semestre-2017-1\/","title":{"rendered":"Renova\u00e7\u00e3o de matr\u00edcula: Curso t\u00e9cnico em inform\u00e1tica subsequente Semestre 2017.1"},"content":{"rendered":"<p style=\"text-align: justify\">O DIRETOR GERAL SUBSTITUTO DO INSTITUTO FEDERAL DE EDUCA\u00c7\u00c3O, CI\u00caNCIA E TECNOLOGIA BAIANO &#8211; Campus Santa In\u00eas, no uso de suas atribui\u00e7\u00f5es legais conforme lhe confere a Portaria N\u00ba 776, de 16 de agosto de 2011, publicada no Di\u00e1rio Oficial da Uni\u00e3o de 17 subsequente, torna p\u00fablico o Edital de Renova\u00e7\u00e3o de Matr\u00edcula do Curso T\u00e9cnico em Inform\u00e1tica -Subsequente, Semestre 2017.1.<\/p>\n<h2 align=\"justify\"><span style=\"font-family: Georgia, 'Times New Roman', 'Bitstream Charter', Times, serif\"><span style=\"font-size: medium\"><a href=\"http:\/\/www.ifbaiano.edu.br\/unidades\/santaines\/files\/2017\/03\/EDITAL-DE-MATRICULA-TECNICO-EM-INFORMATICA-SUBSEQUENTE2017.1.pdf\">Acesse o Edital de Matr\u00edcula do curso T\u00e9cnico em Inform\u00e1tica \u2013 Subsequente 2017.1<\/a>\u00a0(<span style=\"color: #ff0000\">Novo<\/span>)<\/span><\/span><\/h2>\n<p>&nbsp;<\/p>\n<p>&nbsp;<\/p>\n<p>&nbsp;<\/p>\n<p style=\"text-align: justify\">\n","protected":false},"excerpt":{"rendered":"<p>Acesse o Edital para maiores informa\u00e7\u00f5es<\/p>\n","protected":false},"author":1,"featured_media":0,"comment_status":"closed","ping_status":"closed","sticky":false,"template":"","format":"standard","meta":[],"categories":[38,13,10,57],"tags":[],"_links":{"self":[{"href":"https:\/\/www.ifbaiano.edu.br\/unidades\/santaines\/wp-json\/wp\/v2\/posts\/7542"}],"collection":[{"href":"https:\/\/www.ifbaiano.edu.br\/unidades\/santaines\/wp-json\/wp\/v2\/posts"}],"about":[{"href":"https:\/\/www.ifbaiano.edu.br\/unidades\/santaines\/wp-json\/wp\/v2\/types\/post"}],"author":[{"embeddable":true,"href":"https:\/\/www.ifbaiano.edu.br\/unidades\/santaines\/wp-json\/wp\/v2\/users\/1"}],"replies":[{"embeddable":true,"href":"https:\/\/www.ifbaiano.edu.br\/unidades\/santaines\/wp-json\/wp\/v2\/comments?post=7542"}],"version-history":[{"count":2,"href":"https:\/\/www.ifbaiano.edu.br\/unidades\/santaines\/wp-json\/wp\/v2\/posts\/7542\/revisions"}],"predecessor-version":[{"id":7545,"href":"https:\/\/www.ifbaiano.edu.br\/unidades\/santaines\/wp-json\/wp\/v2\/posts\/7542\/revisions\/7545"}],"wp:attachment":[{"href":"https:\/\/www.ifbaiano.edu.br\/unidades\/santaines\/wp-json\/wp\/v2\/media?parent=7542"}],"wp:term":[{"taxonomy":"category","embeddable":true,"href":"https:\/\/www.ifbaiano.edu.br\/unidades\/santaines\/wp-json\/wp\/v2\/categories?post=7542"},{"taxonomy":"post_tag","embeddable":true,"href":"https:\/\/www.ifbaiano.edu.br\/unidades\/santaines\/wp-json\/wp\/v2\/tags?post=7542"}],"curies":[{"name":"wp","href":"https:\/\/api.w.org\/{rel}","templated":true}]}}