{"id":7564,"date":"2017-04-12T14:06:36","date_gmt":"2017-04-12T17:06:36","guid":{"rendered":"http:\/\/www.ifbaiano.edu.br\/unidades\/santaines\/?p=7564"},"modified":"2017-04-18T15:10:14","modified_gmt":"2017-04-18T18:10:14","slug":"edital-de-renovacao-de-matricula","status":"publish","type":"post","link":"https:\/\/www.ifbaiano.edu.br\/unidades\/santaines\/edital-de-renovacao-de-matricula\/","title":{"rendered":"Edital de Renova\u00e7\u00e3o de Matr\u00edcula"},"content":{"rendered":"<p>Senhores Pais,<br \/>\nInformamos que no per\u00edodo de 17\/04 a 28\/04 de 2017 estaremos realizando a renova\u00e7\u00e3o de matr\u00edcula dos alunos das primeiras e segundas s\u00e9ries. Solicitamos que fiquem atentos aos prazos e que busquem a regulariza\u00e7\u00e3o caso exista pend\u00eancia de documentos na Secretaria de Registros Acad\u00eamicos.<br \/>\nPara as turmas de terceira s\u00e9rie no caso de reten\u00e7\u00e3o ou para fins de conclus\u00e3o de est\u00e1gio a renova\u00e7\u00e3o ser\u00e1 nos dias 13 e 14\/05\/2017.<\/p>\n<h3><a href=\"http:\/\/www.ifbaiano.edu.br\/unidades\/santaines\/files\/2017\/04\/chrome-extension___mhjfbmdgcfjbbpaeojofohoefgiehjai_index.pdf\">\u00a0Acesse o\u00a0Edital de Renova\u00e7\u00e3o de Matr\u00edcula<\/a><\/h3>\n<p>&nbsp;<\/p>\n<p>&nbsp;<\/p>\n<p>&nbsp;<\/p>\n","protected":false},"excerpt":{"rendered":"<p>Senhores Pais,<br \/>\nInformamos que no per\u00edodo de 17\/04 a 28\/04 de 2017 estaremos realizando a renova\u00e7\u00e3o de matr\u00edcula dos alunos das primeiras e segundas s\u00e9ries. Solicitamos que fiquem atentos aos prazos e que busquem a regulariza\u00e7\u00e3o caso exista pend\u00eancia de documentos na Secretaria de Registros Acad\u00eamicos.<br \/>\nPara as turmas de terceira s\u00e9rie no caso de reten\u00e7\u00e3o ou para fins de conclus\u00e3o de est\u00e1gio a renova\u00e7\u00e3o ser\u00e1 nos dias 13 e 14\/05\/2017. Para maiores informa\u00e7\u00f5es acesse o edital. <\/p>\n","protected":false},"author":1,"featured_media":0,"comment_status":"closed","ping_status":"closed","sticky":false,"template":"","format":"standard","meta":[],"categories":[4,10,57],"tags":[],"_links":{"self":[{"href":"https:\/\/www.ifbaiano.edu.br\/unidades\/santaines\/wp-json\/wp\/v2\/posts\/7564"}],"collection":[{"href":"https:\/\/www.ifbaiano.edu.br\/unidades\/santaines\/wp-json\/wp\/v2\/posts"}],"about":[{"href":"https:\/\/www.ifbaiano.edu.br\/unidades\/santaines\/wp-json\/wp\/v2\/types\/post"}],"author":[{"embeddable":true,"href":"https:\/\/www.ifbaiano.edu.br\/unidades\/santaines\/wp-json\/wp\/v2\/users\/1"}],"replies":[{"embeddable":true,"href":"https:\/\/www.ifbaiano.edu.br\/unidades\/santaines\/wp-json\/wp\/v2\/comments?post=7564"}],"version-history":[{"count":7,"href":"https:\/\/www.ifbaiano.edu.br\/unidades\/santaines\/wp-json\/wp\/v2\/posts\/7564\/revisions"}],"predecessor-version":[{"id":7573,"href":"https:\/\/www.ifbaiano.edu.br\/unidades\/santaines\/wp-json\/wp\/v2\/posts\/7564\/revisions\/7573"}],"wp:attachment":[{"href":"https:\/\/www.ifbaiano.edu.br\/unidades\/santaines\/wp-json\/wp\/v2\/media?parent=7564"}],"wp:term":[{"taxonomy":"category","embeddable":true,"href":"https:\/\/www.ifbaiano.edu.br\/unidades\/santaines\/wp-json\/wp\/v2\/categories?post=7564"},{"taxonomy":"post_tag","embeddable":true,"href":"https:\/\/www.ifbaiano.edu.br\/unidades\/santaines\/wp-json\/wp\/v2\/tags?post=7564"}],"curies":[{"name":"wp","href":"https:\/\/api.w.org\/{rel}","templated":true}]}}