{"id":7591,"date":"2017-04-20T12:08:15","date_gmt":"2017-04-20T15:08:15","guid":{"rendered":"http:\/\/www.ifbaiano.edu.br\/unidades\/santaines\/?p=7591"},"modified":"2017-04-24T11:09:56","modified_gmt":"2017-04-24T14:09:56","slug":"comunicado","status":"publish","type":"post","link":"https:\/\/www.ifbaiano.edu.br\/unidades\/santaines\/comunicado\/","title":{"rendered":"Comunicado"},"content":{"rendered":"<p>Diretoria Acad\u00eamica<\/p>\n<p>Informa a toda comunidade acad\u00eamica a <strong>SUSPENS\u00c3O DAS ATIVIDADES LETIVAS\u00a0(aulas) hoje, 20\/04\/2017,<\/strong> nos turnos vespertino e noturno, em fun\u00e7\u00e3o de suspeita de quadro epidemiol\u00f3gico no Campus e cidades circunvizinhas. <strong>Retornaremos as atividades normais no dia 24\/04\/2017<\/strong><\/p>\n","protected":false},"excerpt":{"rendered":"<p>A Diretoria Acad\u00eamica informa a toda comunidade acad\u00eamica a SUSPENS\u00c3O DAS ATIVIDADES LETIVAS (aulas) hoje, 20\/04\/2017, nos turnos vespertino e noturno, em fun\u00e7\u00e3o de suspeita de quadro epidemiol\u00f3gico no Campus e cidades circunvizinhas. Retornaremos as atividades normais no dia 24\/04\/2017<\/p>\n","protected":false},"author":7,"featured_media":0,"comment_status":"closed","ping_status":"closed","sticky":false,"template":"","format":"standard","meta":[],"categories":[10],"tags":[],"_links":{"self":[{"href":"https:\/\/www.ifbaiano.edu.br\/unidades\/santaines\/wp-json\/wp\/v2\/posts\/7591"}],"collection":[{"href":"https:\/\/www.ifbaiano.edu.br\/unidades\/santaines\/wp-json\/wp\/v2\/posts"}],"about":[{"href":"https:\/\/www.ifbaiano.edu.br\/unidades\/santaines\/wp-json\/wp\/v2\/types\/post"}],"author":[{"embeddable":true,"href":"https:\/\/www.ifbaiano.edu.br\/unidades\/santaines\/wp-json\/wp\/v2\/users\/7"}],"replies":[{"embeddable":true,"href":"https:\/\/www.ifbaiano.edu.br\/unidades\/santaines\/wp-json\/wp\/v2\/comments?post=7591"}],"version-history":[{"count":5,"href":"https:\/\/www.ifbaiano.edu.br\/unidades\/santaines\/wp-json\/wp\/v2\/posts\/7591\/revisions"}],"predecessor-version":[{"id":7596,"href":"https:\/\/www.ifbaiano.edu.br\/unidades\/santaines\/wp-json\/wp\/v2\/posts\/7591\/revisions\/7596"}],"wp:attachment":[{"href":"https:\/\/www.ifbaiano.edu.br\/unidades\/santaines\/wp-json\/wp\/v2\/media?parent=7591"}],"wp:term":[{"taxonomy":"category","embeddable":true,"href":"https:\/\/www.ifbaiano.edu.br\/unidades\/santaines\/wp-json\/wp\/v2\/categories?post=7591"},{"taxonomy":"post_tag","embeddable":true,"href":"https:\/\/www.ifbaiano.edu.br\/unidades\/santaines\/wp-json\/wp\/v2\/tags?post=7591"}],"curies":[{"name":"wp","href":"https:\/\/api.w.org\/{rel}","templated":true}]}}