{"id":7622,"date":"2017-05-05T11:15:04","date_gmt":"2017-05-05T14:15:04","guid":{"rendered":"http:\/\/www.ifbaiano.edu.br\/unidades\/santaines\/?p=7622"},"modified":"2017-05-19T09:08:17","modified_gmt":"2017-05-19T12:08:17","slug":"convite-reuniao-de-pais-2017-pdf","status":"publish","type":"post","link":"https:\/\/www.ifbaiano.edu.br\/unidades\/santaines\/convite-reuniao-de-pais-2017-pdf\/","title":{"rendered":"Convite: Reuni\u00e3o de pais dos alunos ingressantes no ano letivo 2017"},"content":{"rendered":"<p>O Diretor Geral do IF Baiano Campus Santa In\u00eas, Nelson Vieira da Silva Filho, convida a todos os Pais ou Respons\u00e1veis pelos discentes ingressantes 2017 para participarem de uma Reuni\u00e3o, a realizar-se no dia 31 de maio de 2017, \u00e0s 08 horas, no Audit\u00f3rio da Biblioteca do Campus.<\/p>\n<p><a href=\"http:\/\/www.ifbaiano.edu.br\/unidades\/santaines\/files\/2017\/05\/CONVITE-Reuni\u00e3o-de-Pais-2017.pdf\" target=\"_blank\">Acesse a programa\u00e7\u00e3o completa<\/a><\/p>\n","protected":false},"excerpt":{"rendered":"<p>Acesse a programa\u00e7\u00e3o completa<\/p>\n","protected":false},"author":86,"featured_media":0,"comment_status":"closed","ping_status":"closed","sticky":false,"template":"","format":"standard","meta":[],"categories":[4,5,10,57],"tags":[],"_links":{"self":[{"href":"https:\/\/www.ifbaiano.edu.br\/unidades\/santaines\/wp-json\/wp\/v2\/posts\/7622"}],"collection":[{"href":"https:\/\/www.ifbaiano.edu.br\/unidades\/santaines\/wp-json\/wp\/v2\/posts"}],"about":[{"href":"https:\/\/www.ifbaiano.edu.br\/unidades\/santaines\/wp-json\/wp\/v2\/types\/post"}],"author":[{"embeddable":true,"href":"https:\/\/www.ifbaiano.edu.br\/unidades\/santaines\/wp-json\/wp\/v2\/users\/86"}],"replies":[{"embeddable":true,"href":"https:\/\/www.ifbaiano.edu.br\/unidades\/santaines\/wp-json\/wp\/v2\/comments?post=7622"}],"version-history":[{"count":12,"href":"https:\/\/www.ifbaiano.edu.br\/unidades\/santaines\/wp-json\/wp\/v2\/posts\/7622\/revisions"}],"predecessor-version":[{"id":7638,"href":"https:\/\/www.ifbaiano.edu.br\/unidades\/santaines\/wp-json\/wp\/v2\/posts\/7622\/revisions\/7638"}],"wp:attachment":[{"href":"https:\/\/www.ifbaiano.edu.br\/unidades\/santaines\/wp-json\/wp\/v2\/media?parent=7622"}],"wp:term":[{"taxonomy":"category","embeddable":true,"href":"https:\/\/www.ifbaiano.edu.br\/unidades\/santaines\/wp-json\/wp\/v2\/categories?post=7622"},{"taxonomy":"post_tag","embeddable":true,"href":"https:\/\/www.ifbaiano.edu.br\/unidades\/santaines\/wp-json\/wp\/v2\/tags?post=7622"}],"curies":[{"name":"wp","href":"https:\/\/api.w.org\/{rel}","templated":true}]}}