{"id":7741,"date":"2017-05-25T17:01:04","date_gmt":"2017-05-25T20:01:04","guid":{"rendered":"http:\/\/www.ifbaiano.edu.br\/unidades\/santaines\/?p=7741"},"modified":"2017-06-01T09:28:07","modified_gmt":"2017-06-01T12:28:07","slug":"pre-matricula-e-matricula-dos-cursos-superiores-semestre-2017-1","status":"publish","type":"post","link":"https:\/\/www.ifbaiano.edu.br\/unidades\/santaines\/pre-matricula-e-matricula-dos-cursos-superiores-semestre-2017-1\/","title":{"rendered":"Pr\u00e9-matr\u00edcula e Matr\u00edcula dos Cursos Superiores &#8211; Semestre 2017.1"},"content":{"rendered":"<p style=\"text-align: justify\">O Diretor Geral, no uso de suas atribui\u00e7\u00f5es, conferido pela Portaria n\u00ba 330 de 18\/03\/2014 e publicada no DOU de 19 subsequente, <strong>torna p\u00fablica a convoca\u00e7\u00e3o dos alunos dos Cursos de Licenciatura em Ci\u00eancias Biol\u00f3gicas, Licenciatura em Geografia e Bacharelado em Zootecnia, para a realiza\u00e7\u00e3o de Pr\u00e9-Matr\u00edcula e Matr\u00edcula no Instituto Federal de Educa\u00e7\u00e3o, Ci\u00eancia e Tecnologia Baiano Campus Santa In\u00eas<\/strong> referente ao <strong>Semestre Letivo 2017.1<\/strong>, conforme cronograma e normas estabelecidas no Edital abaixo:<\/p>\n<p style=\"text-align: justify\"><strong><a href=\"http:\/\/www.ifbaiano.edu.br\/unidades\/santaines\/files\/2017\/05\/Edital-de-Pr\u00e9-Matr\u00edcula-e-Matr\u00edcula-2017_1.pdf\" target=\"_blank\">EDITAL<\/a><\/strong>\u00a0(PDF)<\/p>\n<p style=\"text-align: justify\"><strong><a href=\"http:\/\/www.ifbaiano.edu.br\/unidades\/santaines\/files\/2017\/05\/Oferta-de-Disciplinas-e-Hor\u00e1rios-Bacharelado-em-Zootecnia-ATUALIZADO.pdf\" target=\"_blank\">Oferta de Disciplinas e Hor\u00e1rios &#8211; Bacharelado em Zootecnia<\/a>\u00a0<span style=\"color: #ff0000\">(ATUALIZADO)<\/span><\/strong><\/p>\n<p style=\"text-align: justify\"><strong><a href=\"http:\/\/www.ifbaiano.edu.br\/unidades\/santaines\/files\/2017\/05\/Oferta-de-Disciplinas-e-Hor\u00e1rios-Licenciatura-em-Ci\u00eancias-Biol\u00f3gicas.pdf\">Oferta de Disciplinas e Hor\u00e1rios &#8211; Licenciatura em Ci\u00eancias Biol\u00f3gicas<\/a><\/strong><\/p>\n<p style=\"text-align: justify\"><strong><a href=\"http:\/\/www.ifbaiano.edu.br\/unidades\/santaines\/files\/2017\/05\/Oferta-de-Disciplinas-e-Hor\u00e1rios-Licenciatura-em-Geografia.pdf\">Oferta de Disciplinas e Hor\u00e1rios &#8211; Licenciatura em Geografia<\/a><\/strong><\/p>\n<p style=\"text-align: justify\">\n","protected":false},"excerpt":{"rendered":"<p>Informamos a convoca\u00e7\u00e3o dos alunos dos Cursos de Licenciatura em Ci\u00eancias Biol\u00f3gicas, Licenciatura em Geografia e Bacharelado em Zootecnia, para a realiza\u00e7\u00e3o de Pr\u00e9-Matr\u00edcula e Matr\u00edcula no Instituto Federal de Educa\u00e7\u00e3o, Ci\u00eancia e Tecnologia Baiano Campus Santa In\u00eas referente ao Semestre Letivo 2017.1<\/p>\n","protected":false},"author":86,"featured_media":0,"comment_status":"closed","ping_status":"closed","sticky":false,"template":"","format":"standard","meta":[],"categories":[5],"tags":[],"_links":{"self":[{"href":"https:\/\/www.ifbaiano.edu.br\/unidades\/santaines\/wp-json\/wp\/v2\/posts\/7741"}],"collection":[{"href":"https:\/\/www.ifbaiano.edu.br\/unidades\/santaines\/wp-json\/wp\/v2\/posts"}],"about":[{"href":"https:\/\/www.ifbaiano.edu.br\/unidades\/santaines\/wp-json\/wp\/v2\/types\/post"}],"author":[{"embeddable":true,"href":"https:\/\/www.ifbaiano.edu.br\/unidades\/santaines\/wp-json\/wp\/v2\/users\/86"}],"replies":[{"embeddable":true,"href":"https:\/\/www.ifbaiano.edu.br\/unidades\/santaines\/wp-json\/wp\/v2\/comments?post=7741"}],"version-history":[{"count":13,"href":"https:\/\/www.ifbaiano.edu.br\/unidades\/santaines\/wp-json\/wp\/v2\/posts\/7741\/revisions"}],"predecessor-version":[{"id":7827,"href":"https:\/\/www.ifbaiano.edu.br\/unidades\/santaines\/wp-json\/wp\/v2\/posts\/7741\/revisions\/7827"}],"wp:attachment":[{"href":"https:\/\/www.ifbaiano.edu.br\/unidades\/santaines\/wp-json\/wp\/v2\/media?parent=7741"}],"wp:term":[{"taxonomy":"category","embeddable":true,"href":"https:\/\/www.ifbaiano.edu.br\/unidades\/santaines\/wp-json\/wp\/v2\/categories?post=7741"},{"taxonomy":"post_tag","embeddable":true,"href":"https:\/\/www.ifbaiano.edu.br\/unidades\/santaines\/wp-json\/wp\/v2\/tags?post=7741"}],"curies":[{"name":"wp","href":"https:\/\/api.w.org\/{rel}","templated":true}]}}