{"id":7898,"date":"2017-06-02T16:37:56","date_gmt":"2017-06-02T19:37:56","guid":{"rendered":"http:\/\/www.ifbaiano.edu.br\/unidades\/santaines\/?p=7898"},"modified":"2017-06-09T16:39:23","modified_gmt":"2017-06-09T19:39:23","slug":"jornada-pedagogica-2017","status":"publish","type":"post","link":"https:\/\/www.ifbaiano.edu.br\/unidades\/santaines\/jornada-pedagogica-2017\/","title":{"rendered":"Jornada Pedag\u00f3gica 2017"},"content":{"rendered":"<h4 style=\"text-align: justify\">Acontece at\u00e9 o dia 12 de junho, no IF Baiano Campus Santa In\u00eas, a Jornada Pedag\u00f3gica 2017.<\/h4>\n<p style=\"text-align: justify\">Neste ano a jornada tem como tema <strong>\u201cO cotidiano escolar e as novas demandas educacionais na contemporaneidade\u201d<\/strong>.<br \/>\nEspera-se que este evento seja um f\u00f3rum prop\u00edcio para troca de ideias, discuss\u00e3o e avalia\u00e7\u00e3o dos processos institu\u00eddos e instituintes no cotidiano escolar de modo que venha subsidiar as a\u00e7\u00f5es de planejamento.<\/p>\n<p style=\"text-align: justify\"><a href=\"http:\/\/www.ifbaiano.edu.br\/unidades\/santaines\/files\/2017\/06\/Programa\u00e7\u00e3o-Jornada-Pedag\u00f3gica-2017.pdf\">Confira a Programa\u00e7\u00e3o!<\/a><\/p>\n<p>&nbsp;<\/p>\n","protected":false},"excerpt":{"rendered":"<p>Acontece at\u00e9 o dia 12 de junho, no IF Baiano Campus Santa In\u00eas, a Jornada Pedag\u00f3gica 2017. Neste ano a jornada tem como tema \u201cO cotidiano escolar e as novas demandas educacionais na contemporaneidade\u201d. Espera-se que este evento seja um f\u00f3rum prop\u00edcio para troca de ideias, discuss\u00e3o e avalia\u00e7\u00e3o dos processos institu\u00eddos e instituintes no [&hellip;]<\/p>\n","protected":false},"author":86,"featured_media":0,"comment_status":"closed","ping_status":"closed","sticky":false,"template":"","format":"standard","meta":[],"categories":[4,10,57],"tags":[],"_links":{"self":[{"href":"https:\/\/www.ifbaiano.edu.br\/unidades\/santaines\/wp-json\/wp\/v2\/posts\/7898"}],"collection":[{"href":"https:\/\/www.ifbaiano.edu.br\/unidades\/santaines\/wp-json\/wp\/v2\/posts"}],"about":[{"href":"https:\/\/www.ifbaiano.edu.br\/unidades\/santaines\/wp-json\/wp\/v2\/types\/post"}],"author":[{"embeddable":true,"href":"https:\/\/www.ifbaiano.edu.br\/unidades\/santaines\/wp-json\/wp\/v2\/users\/86"}],"replies":[{"embeddable":true,"href":"https:\/\/www.ifbaiano.edu.br\/unidades\/santaines\/wp-json\/wp\/v2\/comments?post=7898"}],"version-history":[{"count":12,"href":"https:\/\/www.ifbaiano.edu.br\/unidades\/santaines\/wp-json\/wp\/v2\/posts\/7898\/revisions"}],"predecessor-version":[{"id":7919,"href":"https:\/\/www.ifbaiano.edu.br\/unidades\/santaines\/wp-json\/wp\/v2\/posts\/7898\/revisions\/7919"}],"wp:attachment":[{"href":"https:\/\/www.ifbaiano.edu.br\/unidades\/santaines\/wp-json\/wp\/v2\/media?parent=7898"}],"wp:term":[{"taxonomy":"category","embeddable":true,"href":"https:\/\/www.ifbaiano.edu.br\/unidades\/santaines\/wp-json\/wp\/v2\/categories?post=7898"},{"taxonomy":"post_tag","embeddable":true,"href":"https:\/\/www.ifbaiano.edu.br\/unidades\/santaines\/wp-json\/wp\/v2\/tags?post=7898"}],"curies":[{"name":"wp","href":"https:\/\/api.w.org\/{rel}","templated":true}]}}