{"id":7954,"date":"2017-06-09T16:31:55","date_gmt":"2017-06-09T19:31:55","guid":{"rendered":"http:\/\/www.ifbaiano.edu.br\/unidades\/santaines\/?p=7954"},"modified":"2017-06-13T10:04:48","modified_gmt":"2017-06-13T13:04:48","slug":"i-workshop-de-saude-sobre-parasitologia-para-servidores-da-secretaria-municipal-de-saude-de-santa-ines","status":"publish","type":"post","link":"https:\/\/www.ifbaiano.edu.br\/unidades\/santaines\/i-workshop-de-saude-sobre-parasitologia-para-servidores-da-secretaria-municipal-de-saude-de-santa-ines\/","title":{"rendered":"I Workshop de Sa\u00fade sobre Parasitologia para servidores da Secretaria municipal de Sa\u00fade de Santa In\u00eas"},"content":{"rendered":"<p class=\"western\"><span style=\"font-family: Arial, serif\"><span style=\"font-size: medium\">Evento aconteceu em 23\/05\/207 e reuniu representantes do IF Baiano,\u00a0pesquisadores da FIOCRUZ e da Case Western Reserve, al\u00e9m de servidores da Prefeitura Municipal de Santa In\u00eas.<\/span><\/span><\/p>\n<p class=\"western\"><a href=\"http:\/\/www.ifbaiano.edu.br\/unidades\/santaines\/files\/2017\/06\/Reda\u00e7\u00e3o-para-publica\u00e7\u00e3o-1.pdf\" target=\"_blank\">Leia mais<\/a><\/p>\n<p class=\"western\"><span style=\"color: #ffffff\">&#8230;&#8230;&#8230;<\/span><\/p>\n<p class=\"western\"><!--more--><\/p>\n","protected":false},"excerpt":{"rendered":"<p>Evento aconteceu em 23\/05\/207 e reuniu representantes do IF Baiano,\u00a0pesquisadores da FIOCRUZ e da Case Western Reserve, al\u00e9m de servidores da Prefeitura Municipal de Santa In\u00eas. Leia mais &#8230;&#8230;&#8230;<\/p>\n","protected":false},"author":86,"featured_media":0,"comment_status":"closed","ping_status":"closed","sticky":false,"template":"","format":"standard","meta":[],"categories":[4,5,10,57],"tags":[],"_links":{"self":[{"href":"https:\/\/www.ifbaiano.edu.br\/unidades\/santaines\/wp-json\/wp\/v2\/posts\/7954"}],"collection":[{"href":"https:\/\/www.ifbaiano.edu.br\/unidades\/santaines\/wp-json\/wp\/v2\/posts"}],"about":[{"href":"https:\/\/www.ifbaiano.edu.br\/unidades\/santaines\/wp-json\/wp\/v2\/types\/post"}],"author":[{"embeddable":true,"href":"https:\/\/www.ifbaiano.edu.br\/unidades\/santaines\/wp-json\/wp\/v2\/users\/86"}],"replies":[{"embeddable":true,"href":"https:\/\/www.ifbaiano.edu.br\/unidades\/santaines\/wp-json\/wp\/v2\/comments?post=7954"}],"version-history":[{"count":10,"href":"https:\/\/www.ifbaiano.edu.br\/unidades\/santaines\/wp-json\/wp\/v2\/posts\/7954\/revisions"}],"predecessor-version":[{"id":7968,"href":"https:\/\/www.ifbaiano.edu.br\/unidades\/santaines\/wp-json\/wp\/v2\/posts\/7954\/revisions\/7968"}],"wp:attachment":[{"href":"https:\/\/www.ifbaiano.edu.br\/unidades\/santaines\/wp-json\/wp\/v2\/media?parent=7954"}],"wp:term":[{"taxonomy":"category","embeddable":true,"href":"https:\/\/www.ifbaiano.edu.br\/unidades\/santaines\/wp-json\/wp\/v2\/categories?post=7954"},{"taxonomy":"post_tag","embeddable":true,"href":"https:\/\/www.ifbaiano.edu.br\/unidades\/santaines\/wp-json\/wp\/v2\/tags?post=7954"}],"curies":[{"name":"wp","href":"https:\/\/api.w.org\/{rel}","templated":true}]}}