{"id":7971,"date":"2017-06-13T10:02:21","date_gmt":"2017-06-13T13:02:21","guid":{"rendered":"http:\/\/www.ifbaiano.edu.br\/unidades\/santaines\/?p=7971"},"modified":"2017-06-13T10:19:07","modified_gmt":"2017-06-13T13:19:07","slug":"prodin-disponibiliza-minutas-dos-regimentos-internos-reitoria-e-campi","status":"publish","type":"post","link":"https:\/\/www.ifbaiano.edu.br\/unidades\/santaines\/prodin-disponibiliza-minutas-dos-regimentos-internos-reitoria-e-campi\/","title":{"rendered":"Prodin disponibiliza minutas dos regimentos internos (Reitoria e campi)"},"content":{"rendered":"<p><a href=\"http:\/\/ifbaiano.edu.br\/portal\/blog\/2017\/06\/13\/prodin-disponibiliza-minutas-dos-regimentos-internos-reitoria-e-campi\/\" target=\"_blank\">Contribui\u00e7\u00f5es devem ser realizadas no per\u00edodo de 13 de junho a 30 de julho<\/a>\u00a0(link da not\u00edcia original)<\/p>\n<p>&nbsp;<\/p>\n<div id=\"textoNoticia\">\n<div class=\"addtoany_share_save_container addtoany_content_top\"><\/div>\n<div class=\"pf-content\">\n<p class=\"western\" align=\"JUSTIFY\">\n<p class=\"western\" align=\"JUSTIFY\">A Pr\u00f3-Reitoria de Desenvolvimento Institucional (Prodin) disponibiliza as minutas dos regimentos internosda <a href=\"http:\/\/ifbaiano.edu.br\/portal\/wp-content\/uploads\/2017\/06\/REGIMENTO-INTERNO-DA-REITORIA.pdf\" target=\"_blank\"><strong>Reitoria<\/strong><\/a> e dos <strong><i><a href=\"http:\/\/ifbaiano.edu.br\/portal\/wp-content\/uploads\/2017\/06\/REGIMENTO-INTERNO-DO-CAMPUS.pdf\" target=\"_blank\">campi<\/a><\/i><\/strong> para que a comunidade do Instituto Federal Baiano (IF Baiano) fa\u00e7a contribui\u00e7\u00f5esno per\u00edodo de 13 de junho a 30 de julho. \u201cAs contribui\u00e7\u00f5es da comunidade ser\u00e3o catalogadas, avaliadas e inseridas no documento. Ap\u00f3s, a minuta dever\u00e1 seguir para a discuss\u00e3o e a aprova\u00e7\u00e3o no Conselho Superior do IF Baiano\u201d, afirma Kelly Brito, coordenadora\u2013geral de planejamento e projetos estrat\u00e9gicos.<\/p>\n<p class=\"western\" align=\"JUSTIFY\">Os documentos s\u00e3o oriundos do trabalho realizado por Comiss\u00e3o, designada para revisar estatuto e regimento geral do IF Baiano e elaborar regimentos internos da Reitoria e dos <i>campi.<\/i> Segundo Brito, a elabora\u00e7\u00e3o das minutas obedeceu \u201cpressupostos de reorganiza\u00e7\u00e3o administrativa para adequar a estrutura organizacional do IF Baiano \u00e0s tend\u00eancias modernas da administra\u00e7\u00e3o p\u00fablica com vistas \u00e0 produ\u00e7\u00e3o dos resultados educacionais que a sociedade contempor\u00e2nea requer\u201d, destaca. A partir da observa\u00e7\u00e3o de outras realidades organizacionais, a Comiss\u00e3o considerou realidades semelhantes e com bons indicadores. \u201cFizemos uma avalia\u00e7\u00e3o criteriosa, n\u00e3o desprezando o contexto e as singularidades que cada organiza\u00e7\u00e3o tem\u201d, diz.<\/p>\n<p class=\"western\" align=\"JUSTIFY\">Para esse trabalho, o grupo utilizou a seguinte metodologia: consulta \u00e0s bases legais (maior expoente \u2013 Lei 11.892\/2008 que cria a Rede Federal de EPT e estabelece estrutura, objetivos e finalidades) e \u00e0s normativas internas (Estatuto, Regimento Geral e Regulamentos Internos); resgaste do trabalho produzido e n\u00e3o finalizado em 2013 para elabora\u00e7\u00e3o dos regimentos internos do IF Baiano; visita aos setores da Reitoria e discuss\u00e3o com as equipes; mapeamento de processos de trabalho e atividades realizadas em alguns setores e pesquisa em documentos e estruturas de outras institui\u00e7\u00f5es da Rede Federal de Educa\u00e7\u00e3o Profissional.<\/p>\n<p class=\"western\" align=\"JUSTIFY\">Ent\u00e3o, nos documentos dispon\u00edveis, encontra-se a seguinte proposta de estrutura organizacional para a Reitoria (Gabinete do Reitor, \u00d3rg\u00e3os de Assessoramento, Diretoria Executiva, Pr\u00f3-Reitorias e Diretorias Sist\u00eamicas) com seu respectivo funcionamento. Para os <i>campi<\/i>, os <a href=\"http:\/\/portal.mec.gov.br\/index.php?option=com_docman&amp;view=download&amp;alias=38501-portaria-de-modelos-de-cargos-e-funcoes-pdf&amp;Itemid=30192\" target=\"_blank\">modelos de estruturas organizacionais <i>campus<\/i> 90\/70 e <i>campus<\/i><\/a><a href=\"http:\/\/portal.mec.gov.br\/index.php?option=com_docman&amp;view=download&amp;alias=38501-portaria-de-modelos-de-cargos-e-funcoes-pdf&amp;Itemid=30192\" target=\"_blank\"> 70\/60<\/a>, subdivididos em \u00f3rg\u00e3o colegiado (conselho de administra\u00e7\u00e3o) e diretoria-geral (diretor-geral, gabinete, \u00f3rg\u00e3os de assessoramento e diretorias acad\u00eamica e administrativa).<\/p>\n<p class=\"western\" align=\"JUSTIFY\">Para auxiliar a comunidade, a Prodin disponibiliza o <strong><a href=\"http:\/\/ifbaiano.edu.br\/portal\/wp-content\/uploads\/2017\/06\/Guia-orientador-Regimento-Interno.pdf\" target=\"_blank\">guia<\/a><\/strong> para leitura e contribui\u00e7\u00e3o aos regimentos internos da Reitoria e <i>c<\/i><i>ampi<\/i> que consta informa\u00e7\u00f5es como conceito; import\u00e2ncia; dura\u00e7\u00e3o e altera\u00e7\u00e3o; estrutura; pontos importantes na elabora\u00e7\u00e3o; diferen\u00e7a entre compet\u00eancia e atribui\u00e7\u00e3o; etapas doregimento interno participativo. \u201cPercorreu-se um longo caminho para chegar no n\u00edvel em que o documento se encontra. Portanto, desejamos que a comunidade acad\u00eamica participe amplamente das contribui\u00e7\u00f5es\u201d, fala Brito.<\/p>\n<p class=\"western\" align=\"JUSTIFY\"><strong>Sobre os regimentos internos: <\/strong>eles s\u00e3o desdobramentos do Regimento Geral (criado em 2012), possuem a validade que a institui\u00e7\u00e3o queira e devem ser acompanhados periodicamente. \u201cO ideal \u00e9 que ele seja revisto a cada ciclo do Plano de Desenvolvimento Institucional (PDI), considerando que as estruturas existem n\u00e3o apenas para fazer a divis\u00e3o do trabalho funcionalmente, mas tamb\u00e9m para dar sustenta\u00e7\u00e3o ao desenvolvimento da estrat\u00e9gia da organiza\u00e7\u00e3o\u201d, esclarece.<\/p>\n<p class=\"western\" align=\"JUSTIFY\">Ap\u00f3s a aprova\u00e7\u00e3o, \u00e9 importante realizar um cronograma de implementa\u00e7\u00e3o. \u201cEstruturas funcionam com pessoas e com gratifica\u00e7\u00f5es. \u00c9 uma engenharia que deve ser acompanhada cuidadosamente para garantir a efetividade do documento aprovado\u201d, finaliza a coordenadora Kelly.<\/p>\n<p class=\"western\" align=\"JUSTIFY\"><strong><em>Links no Opina:<\/em><\/strong><\/p>\n<p class=\"western\" align=\"JUSTIFY\"><a href=\"http:\/\/opina.ifbaiano.edu.br\/index.php\/659518?lang=pt-BR\" target=\"_blank\">Reitoria<\/a><\/p>\n<p class=\"western\" align=\"JUSTIFY\"><i><a href=\"http:\/\/opina.ifbaiano.edu.br\/index.php\/131896?lang=pt-BR\" target=\"_blank\">Campi<\/a><\/i><\/p>\n<p class=\"western\" align=\"JUSTIFY\"><a href=\"http:\/\/diretorias.ifbaiano.edu.br\/portal\/dgp\/files\/2015\/01\/boletim_de_01_a_31_03_2015.pdf\" target=\"_blank\">Portaria n\u00ba. 260, de 03 de mar\u00e7o de 2015 (Comiss\u00e3o constitu\u00edda)<\/a><\/p>\n<p class=\"western\" align=\"JUSTIFY\"><a href=\"http:\/\/diretorias.ifbaiano.edu.br\/portal\/dgp\/files\/2015\/01\/boletim_de_16_a_31_12_2015.pdf\" target=\"_blank\">Portaria n\u00ba 1.826, de 30 de dezembro de 2015 (Comiss\u00e3o atualizada)<\/a><\/p>\n<p class=\"western\" align=\"JUSTIFY\">\n<p class=\"western\" align=\"JUSTIFY\"><i>Esta mat\u00e9ria tem car\u00e1ter informativo.<\/i><\/p>\n<p class=\"western\" align=\"JUSTIFY\"><i>\u00c9 permitida a reprodu\u00e7\u00e3o mediante cita\u00e7\u00e3o da fonte.<\/i><\/p>\n<p class=\"western\" align=\"JUSTIFY\"><i>IF Baiano\/Reitoria\/Comunica\u00e7\u00e3o\/Jornalismo<\/i><\/p>\n<\/div>\n<\/div>\n","protected":false},"excerpt":{"rendered":"<p>Contribui\u00e7\u00f5es devem ser realizadas no per\u00edodo de 13 de junho a 30 de julho<\/p>\n","protected":false},"author":86,"featured_media":0,"comment_status":"closed","ping_status":"closed","sticky":false,"template":"","format":"standard","meta":[],"categories":[5,10,1],"tags":[],"_links":{"self":[{"href":"https:\/\/www.ifbaiano.edu.br\/unidades\/santaines\/wp-json\/wp\/v2\/posts\/7971"}],"collection":[{"href":"https:\/\/www.ifbaiano.edu.br\/unidades\/santaines\/wp-json\/wp\/v2\/posts"}],"about":[{"href":"https:\/\/www.ifbaiano.edu.br\/unidades\/santaines\/wp-json\/wp\/v2\/types\/post"}],"author":[{"embeddable":true,"href":"https:\/\/www.ifbaiano.edu.br\/unidades\/santaines\/wp-json\/wp\/v2\/users\/86"}],"replies":[{"embeddable":true,"href":"https:\/\/www.ifbaiano.edu.br\/unidades\/santaines\/wp-json\/wp\/v2\/comments?post=7971"}],"version-history":[{"count":5,"href":"https:\/\/www.ifbaiano.edu.br\/unidades\/santaines\/wp-json\/wp\/v2\/posts\/7971\/revisions"}],"predecessor-version":[{"id":7975,"href":"https:\/\/www.ifbaiano.edu.br\/unidades\/santaines\/wp-json\/wp\/v2\/posts\/7971\/revisions\/7975"}],"wp:attachment":[{"href":"https:\/\/www.ifbaiano.edu.br\/unidades\/santaines\/wp-json\/wp\/v2\/media?parent=7971"}],"wp:term":[{"taxonomy":"category","embeddable":true,"href":"https:\/\/www.ifbaiano.edu.br\/unidades\/santaines\/wp-json\/wp\/v2\/categories?post=7971"},{"taxonomy":"post_tag","embeddable":true,"href":"https:\/\/www.ifbaiano.edu.br\/unidades\/santaines\/wp-json\/wp\/v2\/tags?post=7971"}],"curies":[{"name":"wp","href":"https:\/\/api.w.org\/{rel}","templated":true}]}}