{"id":7990,"date":"2017-06-26T17:06:41","date_gmt":"2017-06-26T20:06:41","guid":{"rendered":"http:\/\/www.ifbaiano.edu.br\/unidades\/santaines\/?p=7990"},"modified":"2017-07-03T16:31:06","modified_gmt":"2017-07-03T19:31:06","slug":"aula-inaugural-dos-cursos-tecnicos-integrados-ano-letivo-2017","status":"publish","type":"post","link":"https:\/\/www.ifbaiano.edu.br\/unidades\/santaines\/aula-inaugural-dos-cursos-tecnicos-integrados-ano-letivo-2017\/","title":{"rendered":"Aula Inaugural dos Cursos T\u00e9cnicos Integrados &#8211; Ano Letivo 2017"},"content":{"rendered":"<p>O Diretor Geral do IF Baiano Campus Santa In\u00eas, Nelson Vieira da Silva Filho, convida os Pais ou Respons\u00e1veis<br \/>\npelos discentes para participarem da Aula Inaugural dos Cursos T\u00e9cnicos Integrados- Ano Letivo de 2017, conforme<br \/>\nprograma\u00e7\u00e3o.<\/p>\n<p><strong><a title=\"PDF Convite\" href=\"http:\/\/www.ifbaiano.edu.br\/unidades\/santaines\/files\/2017\/06\/convite_aula_inaugural_03_07_2017.pdf\" target=\"_blank\">Convite para aula inaugural<\/a>\u00a0(PDF)<\/strong><\/p>\n<p>&nbsp;<\/p>\n<p>&nbsp;<\/p>\n","protected":false},"excerpt":{"rendered":"<p>Convidamos os Pais ou Respons\u00e1veis pelos discentes para participarem da Aula Inaugural dos Cursos T\u00e9cnicos Integrados- Ano Letivo de 2017<\/p>\n","protected":false},"author":7,"featured_media":0,"comment_status":"closed","ping_status":"closed","sticky":false,"template":"","format":"standard","meta":[],"categories":[4,5,10,57],"tags":[],"_links":{"self":[{"href":"https:\/\/www.ifbaiano.edu.br\/unidades\/santaines\/wp-json\/wp\/v2\/posts\/7990"}],"collection":[{"href":"https:\/\/www.ifbaiano.edu.br\/unidades\/santaines\/wp-json\/wp\/v2\/posts"}],"about":[{"href":"https:\/\/www.ifbaiano.edu.br\/unidades\/santaines\/wp-json\/wp\/v2\/types\/post"}],"author":[{"embeddable":true,"href":"https:\/\/www.ifbaiano.edu.br\/unidades\/santaines\/wp-json\/wp\/v2\/users\/7"}],"replies":[{"embeddable":true,"href":"https:\/\/www.ifbaiano.edu.br\/unidades\/santaines\/wp-json\/wp\/v2\/comments?post=7990"}],"version-history":[{"count":4,"href":"https:\/\/www.ifbaiano.edu.br\/unidades\/santaines\/wp-json\/wp\/v2\/posts\/7990\/revisions"}],"predecessor-version":[{"id":7995,"href":"https:\/\/www.ifbaiano.edu.br\/unidades\/santaines\/wp-json\/wp\/v2\/posts\/7990\/revisions\/7995"}],"wp:attachment":[{"href":"https:\/\/www.ifbaiano.edu.br\/unidades\/santaines\/wp-json\/wp\/v2\/media?parent=7990"}],"wp:term":[{"taxonomy":"category","embeddable":true,"href":"https:\/\/www.ifbaiano.edu.br\/unidades\/santaines\/wp-json\/wp\/v2\/categories?post=7990"},{"taxonomy":"post_tag","embeddable":true,"href":"https:\/\/www.ifbaiano.edu.br\/unidades\/santaines\/wp-json\/wp\/v2\/tags?post=7990"}],"curies":[{"name":"wp","href":"https:\/\/api.w.org\/{rel}","templated":true}]}}