{"id":7996,"date":"2017-06-29T15:56:37","date_gmt":"2017-06-29T18:56:37","guid":{"rendered":"http:\/\/www.ifbaiano.edu.br\/unidades\/santaines\/?p=7996"},"modified":"2020-05-12T13:02:28","modified_gmt":"2020-05-12T16:02:28","slug":"publicado-a-lista-de-espera-do-sisu-2017","status":"publish","type":"post","link":"https:\/\/www.ifbaiano.edu.br\/unidades\/santaines\/publicado-a-lista-de-espera-do-sisu-2017\/","title":{"rendered":"Publicado a Lista de Espera do SISU (2017)"},"content":{"rendered":"<h4><strong>Lista de Espera-SISU<\/strong><br \/>\n<strong>\u00a0\u00a0 Curso Superior<\/strong><\/h4>\n<p>1. Edital de convoca\u00e7\u00e3o e matr\u00edcula &#8211; <a href=\"http:\/\/www.ifbaiano.edu.br\/unidades\/santaines\/files\/2017\/06\/Edital.pdf\" target=\"_blank\" rel=\"noopener noreferrer\"> Acessar no link<\/a><br \/>\n2. Curso de Biologia &#8211; <a href=\"http:\/\/www.ifbaiano.edu.br\/unidades\/santaines\/files\/2017\/06\/Lista-de-Espera-BIO-CSI.pdf\" target=\"_blank\" rel=\"noopener noreferrer\">Acessar no\u00a0link<\/a><br \/>\n3. Curso de Geografia &#8211; <a href=\"https:\/\/ifbaiano.edu.br\/portal\/ingresso-de-estudantes-2017\/wp-content\/uploads\/sites\/7\/2020\/05\/Lista-de-Espera-GEO-CSI-2017-ATUALIZADO-12-05-2020.pdf\">Acessar no\u00a0link<\/a><br \/>\n4. Curso de Zootecnia &#8211;\u00a0<a href=\"http:\/\/www.ifbaiano.edu.br\/unidades\/santaines\/files\/2017\/06\/Lista-de-Espera-ZOO-CSI.pdf\" target=\"_blank\" rel=\"noopener noreferrer\">Acessar no link<\/a><\/p>\n<p>Tamb\u00e9m pode ser acessada no site do instituto.<br \/>\nLink:\u00a0<span id=\"OBJ_PREFIX_DWT522_com_zimbra_url\" class=\"Object\"><span id=\"OBJ_PREFIX_DWT523_com_zimbra_url\" class=\"Object\"><span id=\"OBJ_PREFIX_DWT539_com_zimbra_url\" class=\"Object\"><a href=\"http:\/\/ifbaiano.edu.br\/portal\/ingresso-de-estudantes-2017\/sisu-2017\/\" target=\"_blank\" rel=\"noopener noreferrer\">http:\/\/ifbaiano.edu.br\/portal\/ingresso-de-estudantes-2017\/sisu-2017\/<\/a><\/span><\/span><\/span><\/p>\n<p><strong>ATEN\u00c7\u00c3O: LEIA O EDITAL\u00a0<\/strong><\/p>\n<p>Informa\u00e7\u00f5es: na Secretaria de Registros Acad\u00eamicos &#8211; SRA<br \/>\n(73) 3536 1210\/1211 &#8211; ramal\u00a0109<\/p>\n","protected":false},"excerpt":{"rendered":"<p>Publicado a Lista de Espera do SISU para os cursos do campus Santa In\u00eas. Acessem mais informa\u00e7\u00f5es<\/p>\n","protected":false},"author":7,"featured_media":0,"comment_status":"closed","ping_status":"closed","sticky":false,"template":"","format":"standard","meta":[],"categories":[4,12,10,8,57],"tags":[],"_links":{"self":[{"href":"https:\/\/www.ifbaiano.edu.br\/unidades\/santaines\/wp-json\/wp\/v2\/posts\/7996"}],"collection":[{"href":"https:\/\/www.ifbaiano.edu.br\/unidades\/santaines\/wp-json\/wp\/v2\/posts"}],"about":[{"href":"https:\/\/www.ifbaiano.edu.br\/unidades\/santaines\/wp-json\/wp\/v2\/types\/post"}],"author":[{"embeddable":true,"href":"https:\/\/www.ifbaiano.edu.br\/unidades\/santaines\/wp-json\/wp\/v2\/users\/7"}],"replies":[{"embeddable":true,"href":"https:\/\/www.ifbaiano.edu.br\/unidades\/santaines\/wp-json\/wp\/v2\/comments?post=7996"}],"version-history":[{"count":6,"href":"https:\/\/www.ifbaiano.edu.br\/unidades\/santaines\/wp-json\/wp\/v2\/posts\/7996\/revisions"}],"predecessor-version":[{"id":13468,"href":"https:\/\/www.ifbaiano.edu.br\/unidades\/santaines\/wp-json\/wp\/v2\/posts\/7996\/revisions\/13468"}],"wp:attachment":[{"href":"https:\/\/www.ifbaiano.edu.br\/unidades\/santaines\/wp-json\/wp\/v2\/media?parent=7996"}],"wp:term":[{"taxonomy":"category","embeddable":true,"href":"https:\/\/www.ifbaiano.edu.br\/unidades\/santaines\/wp-json\/wp\/v2\/categories?post=7996"},{"taxonomy":"post_tag","embeddable":true,"href":"https:\/\/www.ifbaiano.edu.br\/unidades\/santaines\/wp-json\/wp\/v2\/tags?post=7996"}],"curies":[{"name":"wp","href":"https:\/\/api.w.org\/{rel}","templated":true}]}}