{"id":8039,"date":"2017-07-03T16:28:15","date_gmt":"2017-07-03T19:28:15","guid":{"rendered":"http:\/\/www.ifbaiano.edu.br\/unidades\/santaines\/?p=8039"},"modified":"2017-07-10T19:12:05","modified_gmt":"2017-07-10T22:12:05","slug":"divulgacao-dos-pre-selecionados-no-programa-de-assistencia-e-inclusao-social-do-estudante-paise-2017-1","status":"publish","type":"post","link":"https:\/\/www.ifbaiano.edu.br\/unidades\/santaines\/divulgacao-dos-pre-selecionados-no-programa-de-assistencia-e-inclusao-social-do-estudante-paise-2017-1\/","title":{"rendered":"Publicado a lista final de selecionados no Programa de Assist\u00eancia e Inclus\u00e3o social do Estudante &#8211; PA\u00cdSE 2017.1"},"content":{"rendered":"<h3 style=\"text-align: justify\"><a href=\"http:\/\/www.ifbaiano.edu.br\/unidades\/santaines\/files\/2017\/07\/Pr\u00e9-Selecionados2017.1.pdf\">Veja a lista dos Pr\u00e9-selecionados no Programa de Assist\u00eancia e Inclus\u00e3o social do Estudante\u00a0(PA\u00cdSE) 2017.1<\/a><\/h3>\n<h3><a href=\"http:\/\/www.ifbaiano.edu.br\/unidades\/santaines\/files\/2017\/07\/Recursos-Edital-PAISE-2017.1parapublicar.pdf\">Resultado dos Recursos dos Pr\u00e9-selecionados no Programa de Assist\u00eancia e Inclus\u00e3o social do Estudante &#8211; (PA\u00cdSE) 2017.1<\/a><\/h3>\n<h3><a href=\"http:\/\/www.ifbaiano.edu.br\/unidades\/santaines\/files\/2017\/07\/lista-final-selecionados-paise-2017.1.pdf\">Lista final dos selecionados PA\u00cdSE 2017.1<\/a><\/h3>\n<p>&nbsp;<\/p>\n<p>&nbsp;<\/p>\n","protected":false},"excerpt":{"rendered":"<p>Veja a lista dos Pr\u00e9-selecionados no Programa de Assist\u00eancia e Inclus\u00e3o social do Estudante\u00a0(PA\u00cdSE) 2017.1 Resultado dos Recursos dos Pr\u00e9-selecionados no Programa de Assist\u00eancia e Inclus\u00e3o social do Estudante &#8211; (PA\u00cdSE) 2017.1 Lista final dos selecionados PA\u00cdSE 2017.1 &nbsp; &nbsp;<\/p>\n","protected":false},"author":86,"featured_media":0,"comment_status":"closed","ping_status":"closed","sticky":false,"template":"","format":"standard","meta":[],"categories":[4,5,10,57],"tags":[],"_links":{"self":[{"href":"https:\/\/www.ifbaiano.edu.br\/unidades\/santaines\/wp-json\/wp\/v2\/posts\/8039"}],"collection":[{"href":"https:\/\/www.ifbaiano.edu.br\/unidades\/santaines\/wp-json\/wp\/v2\/posts"}],"about":[{"href":"https:\/\/www.ifbaiano.edu.br\/unidades\/santaines\/wp-json\/wp\/v2\/types\/post"}],"author":[{"embeddable":true,"href":"https:\/\/www.ifbaiano.edu.br\/unidades\/santaines\/wp-json\/wp\/v2\/users\/86"}],"replies":[{"embeddable":true,"href":"https:\/\/www.ifbaiano.edu.br\/unidades\/santaines\/wp-json\/wp\/v2\/comments?post=8039"}],"version-history":[{"count":7,"href":"https:\/\/www.ifbaiano.edu.br\/unidades\/santaines\/wp-json\/wp\/v2\/posts\/8039\/revisions"}],"predecessor-version":[{"id":8209,"href":"https:\/\/www.ifbaiano.edu.br\/unidades\/santaines\/wp-json\/wp\/v2\/posts\/8039\/revisions\/8209"}],"wp:attachment":[{"href":"https:\/\/www.ifbaiano.edu.br\/unidades\/santaines\/wp-json\/wp\/v2\/media?parent=8039"}],"wp:term":[{"taxonomy":"category","embeddable":true,"href":"https:\/\/www.ifbaiano.edu.br\/unidades\/santaines\/wp-json\/wp\/v2\/categories?post=8039"},{"taxonomy":"post_tag","embeddable":true,"href":"https:\/\/www.ifbaiano.edu.br\/unidades\/santaines\/wp-json\/wp\/v2\/tags?post=8039"}],"curies":[{"name":"wp","href":"https:\/\/api.w.org\/{rel}","templated":true}]}}