{"id":8073,"date":"2017-07-05T11:44:51","date_gmt":"2017-07-05T14:44:51","guid":{"rendered":"http:\/\/www.ifbaiano.edu.br\/unidades\/santaines\/?p=8073"},"modified":"2017-08-07T13:33:52","modified_gmt":"2017-08-07T16:33:52","slug":"chamada-publica-no-012017-aquisicao-de-generos-alimenticios-da-agricultura-familiar-para-o-atendimento-ao-programa-de-aquisicao-de-alimentos-paa","status":"publish","type":"post","link":"https:\/\/www.ifbaiano.edu.br\/unidades\/santaines\/chamada-publica-no-012017-aquisicao-de-generos-alimenticios-da-agricultura-familiar-para-o-atendimento-ao-programa-de-aquisicao-de-alimentos-paa\/","title":{"rendered":"Chamada P\u00fablica N\u00ba 01\/2017 &#8211; Processo de Dispensa de Licita\u00e7\u00e3o para G\u00eaneros Aliment\u00edcios"},"content":{"rendered":"<p><span style=\"font-family: 'Times New Roman', serif\"><span style=\"font-size: small\">O IF Baiano \u2013 Campus Santa In\u00eas , torna p\u00fablico, para conhecimento dos interessados, que realizar\u00e1 Chamada P\u00fablica para aquisi\u00e7\u00e3o de g\u00eaneros aliment\u00edcios da Agricultura Familiar para atendimento ao Programa de aquisi\u00e7\u00e3o de alimentos &#8211; PAA, conforme condi\u00e7\u00f5es estabelecidas no\u00a0edital e em seus anexos disponibilizados.<\/span><\/span><\/p>\n<p>Objeto:\u00a0Aquisi\u00e7\u00e3o de g\u00eaneros aliment\u00edcios da agricultura familiar para o atendimento ao Programa de Aquisi\u00e7\u00e3o de Alimentos \u2013 PAA;<\/p>\n<p>Per\u00edodo de divulga\u00e7\u00e3o da Chamada P\u00fablica: 05\/07\/2017 a 25\/07\/2017;<\/p>\n<p>Entrega dos Envelopes: At\u00e9 as 09h00min do dia 25\/07\/2017;<\/p>\n<p>Sess\u00e3o P\u00fablica e abertura dos envelopes: dia 25\/07\/2017 \u00e0s 09h00min (hor\u00e1rio de Bras\u00edlia);<\/p>\n<p>Endere\u00e7o da Sess\u00e3o P\u00fablica:\u00a0Sala de Reuni\u00f5es do IF Baiano \u2013 Campus Santa In\u00eas, localizada Km 2,5 \u2013 BR 420 \u2013 Rodovia Santa In\u00eas x Uba\u00edra \u2013 Santa In\u00eas \u2013 Bahia.<\/p>\n<hr \/>\n<h1>Para maiores informa\u00e7\u00f5es sobre o Processo de Dispensa de Licita\u00e7\u00e3o para G\u00eaneros Aliment\u00edcios,\u00a0 acesse:<br \/>\n<strong><a href=\"http:\/\/www.ifbaiano.edu.br\/unidades\/santaines\/files\/2017\/07\/Aviso-Chamada-P\u00fablica-01-2017.pdf\" target=\"_blank\">AVISO DA CHAMADA P\u00daBLICA<\/a><\/strong><\/h1>\n<h1><a href=\"http:\/\/www.ifbaiano.edu.br\/unidades\/santaines\/files\/2017\/07\/Edital-Chamada-P\u00fablica-01-2017-PAA-_-RETIFICADO.pdf\" target=\"_blank\">EDITAL _ Retificado<\/a><\/h1>\n<h1><a href=\"http:\/\/www.ifbaiano.edu.br\/unidades\/santaines\/files\/2017\/07\/Anexo-II-Modelo-de-Projeto-de-Venda.pdf\" target=\"_blank\">Anexo II &#8211; Modelo de Projeto de Venda<\/a><\/h1>\n<h1><a href=\"http:\/\/www.ifbaiano.edu.br\/unidades\/santaines\/files\/2017\/07\/Anexo-III-Modelo-de-Declara\u00e7\u00e3o-de-Origem-dos-Produtos.pdf\" target=\"_blank\">Anexo III &#8211; Modelo de Declara\u00e7\u00e3o de Origem dos Produtos<\/a><\/h1>\n<h1><a href=\"http:\/\/www.ifbaiano.edu.br\/unidades\/santaines\/files\/2017\/07\/Anexo-IV-Modelo-de-Termo-de-Recebimento.pdf\" target=\"_blank\">Anexo IV &#8211; Modelo de Termo de Recebimento<\/a><\/h1>\n<h1><a href=\"http:\/\/www.ifbaiano.edu.br\/unidades\/santaines\/files\/2017\/07\/Anexo-V-Modelo-de-Declara\u00e7\u00e3o-de-Controle-do-limite-Individual-de-Vendas.pdf\" target=\"_blank\">Anexo V &#8211; Modelo de Declara\u00e7\u00e3o de Controle do limite Individual de Vendas<\/a><\/h1>\n<h1><a href=\"http:\/\/www.ifbaiano.edu.br\/unidades\/santaines\/files\/2017\/07\/Publica\u00e7\u00e3o-DOU-Chamada-P\u00fablica-PAA.pdf\" target=\"_blank\">Publica\u00e7\u00e3o DOU &#8211; Chamada P\u00fablica PAA<\/a><\/h1>\n<h1><a href=\"http:\/\/www.ifbaiano.edu.br\/unidades\/santaines\/files\/2017\/07\/Termo-de-Adjudica\u00e7\u00e3o-e-Homologa\u00e7\u00e3o-Chamada-P\u00fablica-PAA.pdf\" target=\"_blank\">Termo de Adjudica\u00e7\u00e3o e Homologa\u00e7\u00e3o &#8211; Chamada P\u00fablica &#8211; PAA<\/a><\/h1>\n<p>&nbsp;<\/p>\n<hr \/>\n<p>&nbsp;<\/p>\n","protected":false},"excerpt":{"rendered":"<p>O IF Baiano \u2013 Campus Santa In\u00eas , torna p\u00fablico, para conhecimento dos interessados, que realizar\u00e1 Chamada P\u00fablica para aquisi\u00e7\u00e3o de g\u00eaneros aliment\u00edcios da Agricultura Familiar para atendimento ao Programa de aquisi\u00e7\u00e3o de alimentos &#8211; PAA, conforme condi\u00e7\u00f5es estabelecidas no\u00a0edital e em seus anexos disponibilizados. Objeto:\u00a0Aquisi\u00e7\u00e3o de g\u00eaneros aliment\u00edcios da agricultura familiar para o atendimento [&hellip;]<\/p>\n","protected":false},"author":86,"featured_media":0,"comment_status":"closed","ping_status":"closed","sticky":false,"template":"","format":"standard","meta":[],"categories":[4,10,57],"tags":[],"_links":{"self":[{"href":"https:\/\/www.ifbaiano.edu.br\/unidades\/santaines\/wp-json\/wp\/v2\/posts\/8073"}],"collection":[{"href":"https:\/\/www.ifbaiano.edu.br\/unidades\/santaines\/wp-json\/wp\/v2\/posts"}],"about":[{"href":"https:\/\/www.ifbaiano.edu.br\/unidades\/santaines\/wp-json\/wp\/v2\/types\/post"}],"author":[{"embeddable":true,"href":"https:\/\/www.ifbaiano.edu.br\/unidades\/santaines\/wp-json\/wp\/v2\/users\/86"}],"replies":[{"embeddable":true,"href":"https:\/\/www.ifbaiano.edu.br\/unidades\/santaines\/wp-json\/wp\/v2\/comments?post=8073"}],"version-history":[{"count":8,"href":"https:\/\/www.ifbaiano.edu.br\/unidades\/santaines\/wp-json\/wp\/v2\/posts\/8073\/revisions"}],"predecessor-version":[{"id":8486,"href":"https:\/\/www.ifbaiano.edu.br\/unidades\/santaines\/wp-json\/wp\/v2\/posts\/8073\/revisions\/8486"}],"wp:attachment":[{"href":"https:\/\/www.ifbaiano.edu.br\/unidades\/santaines\/wp-json\/wp\/v2\/media?parent=8073"}],"wp:term":[{"taxonomy":"category","embeddable":true,"href":"https:\/\/www.ifbaiano.edu.br\/unidades\/santaines\/wp-json\/wp\/v2\/categories?post=8073"},{"taxonomy":"post_tag","embeddable":true,"href":"https:\/\/www.ifbaiano.edu.br\/unidades\/santaines\/wp-json\/wp\/v2\/tags?post=8073"}],"curies":[{"name":"wp","href":"https:\/\/api.w.org\/{rel}","templated":true}]}}