{"id":8368,"date":"2017-07-26T12:58:27","date_gmt":"2017-07-26T15:58:27","guid":{"rendered":"http:\/\/www.ifbaiano.edu.br\/unidades\/santaines\/?p=8368"},"modified":"2017-07-28T10:47:19","modified_gmt":"2017-07-28T13:47:19","slug":"neabi-realiza-atividades-em-celebracao-ao-dia-internacional-da-mulher-negra-latino-americana-e-caribenha","status":"publish","type":"post","link":"https:\/\/www.ifbaiano.edu.br\/unidades\/santaines\/neabi-realiza-atividades-em-celebracao-ao-dia-internacional-da-mulher-negra-latino-americana-e-caribenha\/","title":{"rendered":"NEABI realiza atividades em celebra\u00e7\u00e3o ao Dia Internacional da Mulher Negra Latino-Americana e Caribenha"},"content":{"rendered":"<p style=\"text-align: justify\">O\u00a0Campus Santa In\u00eas, numa parceria com o NEABI (N\u00facleo de Estudos Afrobrasileiros e Ind\u00edgenas) e Centros Acad\u00eamicos dos Cursos de Licenciaturas (Geografia e Ci\u00eancias Biol\u00f3gicas), realizou no dia 25\/07\/2017, atividades que marcaram o Dia Internacional da Mulher Negra Latino-americana e Caribenha e o Dia Nacional de Tereza de Benguela e da Mulher Negra. O julho negro est\u00e1 sendo marcado por eventos nos Movimentos Sociais que militam em favor dos direitos das mulheres e mulheres negras e tamb\u00e9m nos espa\u00e7os acad\u00eamicos. Na Bahia, a parceria entre UFRB (Universidade Federal do Rec\u00f4ncavo da Bahia) e UFBA (Universidade Federal da Bahia) garantiram a participa\u00e7\u00e3o da militante norte-americana \u00c2ngela Davis, \u00edcone na luta pelo Ser mais das mulheres negras, em v\u00e1rias a\u00e7\u00f5es destas institui\u00e7\u00f5es, culminando no evento sediado pela reitoria da UFBA no dia de 25\/07\/2017, as 18h, o qual foi transmitido pela TVE e link no Youtube.<\/p>\n<p style=\"text-align: justify\">Assim, como em v\u00e1rios Campi do IF Baiano, em Santa In\u00eas, Mulheres Negras participantes do NEABI e do Movimento Estudantil coordenaram Panfletagem, Roda de Prosa e divulga\u00e7\u00e3o de v\u00eddeo produzido com imagens de mulheres negras do Campus, com o objetivo de divulgar a data, escutar e acolher demandas e, em especial potencializar espa\u00e7os de reflex\u00e3o e empoderamento em torno de quest\u00f5es que tocam de perto a vida e sobreviv\u00eancia deste coletivo no Brasil, Bahia e Vale do Jiquiri\u00e7\u00e1. Conhecer e partilhar viv\u00eancias refor\u00e7a o sentimento de pertencimento, solidariedade e sororidade, necess\u00e1rios \u00e0 luta contra o machismo, sexismo e todas as formas de opress\u00e3o.<\/p>\n<p style=\"text-align: justify\"><strong><span style=\"text-decoration: underline\"><a href=\"http:\/\/www.ifbaiano.edu.br\/unidades\/santaines\/files\/2017\/07\/25-de-julho-folder-1.pdf\" target=\"_blank\">Veja o folder<\/a><\/span><\/strong><\/p>\n","protected":false},"excerpt":{"rendered":"<p>Atividades desenvolvidas no IF Baiano, Campus Santa In\u00eas, marcaram o Dia Internacional da Mulher Negra Latino-americana e Caribenha e o Dia Nacional de Tereza de Benguela e da Mulher Negra<\/p>\n","protected":false},"author":86,"featured_media":0,"comment_status":"closed","ping_status":"closed","sticky":false,"template":"","format":"standard","meta":[],"categories":[4,5,10,57],"tags":[],"_links":{"self":[{"href":"https:\/\/www.ifbaiano.edu.br\/unidades\/santaines\/wp-json\/wp\/v2\/posts\/8368"}],"collection":[{"href":"https:\/\/www.ifbaiano.edu.br\/unidades\/santaines\/wp-json\/wp\/v2\/posts"}],"about":[{"href":"https:\/\/www.ifbaiano.edu.br\/unidades\/santaines\/wp-json\/wp\/v2\/types\/post"}],"author":[{"embeddable":true,"href":"https:\/\/www.ifbaiano.edu.br\/unidades\/santaines\/wp-json\/wp\/v2\/users\/86"}],"replies":[{"embeddable":true,"href":"https:\/\/www.ifbaiano.edu.br\/unidades\/santaines\/wp-json\/wp\/v2\/comments?post=8368"}],"version-history":[{"count":5,"href":"https:\/\/www.ifbaiano.edu.br\/unidades\/santaines\/wp-json\/wp\/v2\/posts\/8368\/revisions"}],"predecessor-version":[{"id":8473,"href":"https:\/\/www.ifbaiano.edu.br\/unidades\/santaines\/wp-json\/wp\/v2\/posts\/8368\/revisions\/8473"}],"wp:attachment":[{"href":"https:\/\/www.ifbaiano.edu.br\/unidades\/santaines\/wp-json\/wp\/v2\/media?parent=8368"}],"wp:term":[{"taxonomy":"category","embeddable":true,"href":"https:\/\/www.ifbaiano.edu.br\/unidades\/santaines\/wp-json\/wp\/v2\/categories?post=8368"},{"taxonomy":"post_tag","embeddable":true,"href":"https:\/\/www.ifbaiano.edu.br\/unidades\/santaines\/wp-json\/wp\/v2\/tags?post=8368"}],"curies":[{"name":"wp","href":"https:\/\/api.w.org\/{rel}","templated":true}]}}