{"id":8371,"date":"2017-07-26T13:42:53","date_gmt":"2017-07-26T16:42:53","guid":{"rendered":"http:\/\/www.ifbaiano.edu.br\/unidades\/santaines\/?p=8371"},"modified":"2017-08-18T16:22:58","modified_gmt":"2017-08-18T19:22:58","slug":"chamada-publica-no-022017-processo-de-dispensa-de-licitacao","status":"publish","type":"post","link":"https:\/\/www.ifbaiano.edu.br\/unidades\/santaines\/chamada-publica-no-022017-processo-de-dispensa-de-licitacao\/","title":{"rendered":"Chamada P\u00fablica N\u00ba 02\/2017 &#8211; Processo de Dispensa de Licita\u00e7\u00e3o"},"content":{"rendered":"<hr \/>\n<p style=\"text-align: justify\"><span style=\"font-family: 'Times New Roman', serif\"><span style=\"font-size: small\">O IF Baiano \u2013 Campus Santa In\u00eas , torna p\u00fablico, para conhecimento dos interessados, que realizar\u00e1 Chamada P\u00fablica para aquisi\u00e7\u00e3o de g\u00eaneros aliment\u00edcios da Agricultura Familiar para o atendimento ao Programa Nacional de Alimenta\u00e7\u00e3o Escolar &#8211; PNAE,<\/span><\/span><span style=\"font-family: 'Times New Roman', serif\"><span style=\"font-size: small\">\u00a0conforme condi\u00e7\u00f5es estabelecidas no\u00a0edital e em seus anexos disponibilizados.<\/span><\/span><\/p>\n<p style=\"text-align: justify\">Objeto:\u00a0Aquisi\u00e7\u00e3o de g\u00eaneros aliment\u00edcios da agricultura familiar para o atendimento ao Programa Nacional de Alimenta\u00e7\u00e3o Escolar &#8211; PNAE<\/p>\n<p><a href=\"http:\/\/www.ifbaiano.edu.br\/unidades\/santaines\/files\/2017\/07\/Edital-Chamada-P\u00fablica-02-2017-PNAE.pdf\">EDITAL CHAMADA P\u00daBLICA 02\/2017 &#8211; PNAE<\/a><\/p>\n<p><a href=\"http:\/\/www.ifbaiano.edu.br\/unidades\/santaines\/files\/2017\/07\/ANEXO-II-MODELO-DE-PROJETO-DE-VENDAS-PARA-GRUPOS-FORMAIS.pdf\" target=\"_blank\">ANEXO II &#8211; MODELO DE PROJETO DE VENDAS PARA GRUPOS FORMAIS<\/a><\/p>\n<p><a href=\"http:\/\/www.ifbaiano.edu.br\/unidades\/santaines\/files\/2017\/07\/ANEXO-III-DECLARA\u00c7\u00c3O-DE-ORIGEM-DOS-PRODUTOS.pdf\" target=\"_blank\">ANEXO III &#8211; DECLARA\u00c7\u00c3O DE ORIGEM DOS PRODUTOS<\/a><\/p>\n<p><a href=\"http:\/\/www.ifbaiano.edu.br\/unidades\/santaines\/files\/2017\/07\/ANEXO-V-DECLARA\u00c7\u00c3O-CONTROLE-LIMITE-INDIVIDUAL-DE-VENDA.pdf\" target=\"_blank\">ANEXO V &#8211; DECLARA\u00c7\u00c3O CONTROLE LIMITE INDIVIDUAL DE VENDA<\/a><\/p>\n<p><a href=\"http:\/\/www.ifbaiano.edu.br\/unidades\/santaines\/files\/2017\/07\/Ata-da-Chamada-P\u00fablica-Sess\u00e3o-dia-15-08-2017.pdf\" target=\"_blank\">ATA DA CHAMADA P\u00daBLICA &#8211; Sess\u00e3o dia 15-08-2017<\/a><\/p>\n<p>&nbsp;<\/p>\n<hr \/>\n<p style=\"text-align: justify\"><a href=\"http:\/\/www.ifbaiano.edu.br\/unidades\/santaines\/files\/2017\/07\/DISPENSA-PNAE.png\"><img decoding=\"async\" loading=\"lazy\" class=\"alignnone wp-image-8384\" src=\"http:\/\/www.ifbaiano.edu.br\/unidades\/santaines\/files\/2017\/07\/DISPENSA-PNAE.png\" alt=\"DISPENSA PNAE\" width=\"871\" height=\"603\" \/><\/a><\/p>\n<hr \/>\n","protected":false},"excerpt":{"rendered":"<p>Aquisi\u00e7\u00e3o de g\u00eaneros aliment\u00edcios da agricultura familiar para o atendimento ao Programa Nacional de Alimenta\u00e7\u00e3o Escolar \u2013 PNAE<\/p>\n","protected":false},"author":86,"featured_media":0,"comment_status":"closed","ping_status":"closed","sticky":false,"template":"","format":"standard","meta":[],"categories":[4,10,57],"tags":[],"_links":{"self":[{"href":"https:\/\/www.ifbaiano.edu.br\/unidades\/santaines\/wp-json\/wp\/v2\/posts\/8371"}],"collection":[{"href":"https:\/\/www.ifbaiano.edu.br\/unidades\/santaines\/wp-json\/wp\/v2\/posts"}],"about":[{"href":"https:\/\/www.ifbaiano.edu.br\/unidades\/santaines\/wp-json\/wp\/v2\/types\/post"}],"author":[{"embeddable":true,"href":"https:\/\/www.ifbaiano.edu.br\/unidades\/santaines\/wp-json\/wp\/v2\/users\/86"}],"replies":[{"embeddable":true,"href":"https:\/\/www.ifbaiano.edu.br\/unidades\/santaines\/wp-json\/wp\/v2\/comments?post=8371"}],"version-history":[{"count":8,"href":"https:\/\/www.ifbaiano.edu.br\/unidades\/santaines\/wp-json\/wp\/v2\/posts\/8371\/revisions"}],"predecessor-version":[{"id":8620,"href":"https:\/\/www.ifbaiano.edu.br\/unidades\/santaines\/wp-json\/wp\/v2\/posts\/8371\/revisions\/8620"}],"wp:attachment":[{"href":"https:\/\/www.ifbaiano.edu.br\/unidades\/santaines\/wp-json\/wp\/v2\/media?parent=8371"}],"wp:term":[{"taxonomy":"category","embeddable":true,"href":"https:\/\/www.ifbaiano.edu.br\/unidades\/santaines\/wp-json\/wp\/v2\/categories?post=8371"},{"taxonomy":"post_tag","embeddable":true,"href":"https:\/\/www.ifbaiano.edu.br\/unidades\/santaines\/wp-json\/wp\/v2\/tags?post=8371"}],"curies":[{"name":"wp","href":"https:\/\/api.w.org\/{rel}","templated":true}]}}