{"id":8512,"date":"2017-08-09T07:27:06","date_gmt":"2017-08-09T10:27:06","guid":{"rendered":"http:\/\/www.ifbaiano.edu.br\/unidades\/santaines\/?p=8512"},"modified":"2017-08-09T15:25:28","modified_gmt":"2017-08-09T18:25:28","slug":"urgente-estudantes-de-ciencias-biologicas-chamada-para-reajustes-de-matricula","status":"publish","type":"post","link":"https:\/\/www.ifbaiano.edu.br\/unidades\/santaines\/urgente-estudantes-de-ciencias-biologicas-chamada-para-reajustes-de-matricula\/","title":{"rendered":"URGENTE! Estudantes de Ci\u00eancias Biol\u00f3gicas &#8211; Chamada para Reajustes de Matr\u00edcula hoje, 09 de agosto de 2017"},"content":{"rendered":"<hr \/>\n<p>URGENTE!<br \/>\nDivulgada\u00a0a\u00a0lista dos alunos de Licenciatura em Ci\u00eancias Biol\u00f3gicas que dever\u00e3o realizar reajuste de matr\u00edcula no dia\u00a0<span id=\"OBJ_PREFIX_DWT107_com_zimbra_date\" class=\"Object\"><span id=\"OBJ_PREFIX_DWT108_com_zimbra_date\" class=\"Object\"><span id=\"OBJ_PREFIX_DWT111_com_zimbra_date\" class=\"Object\">09\/08\/2017<\/span><\/span><\/span>,<br \/>\n<b>HOJE &#8211; QUARTA-FEIRA &#8211; <\/b>no per\u00edodo vespertino, de 13h30min as 17h30min.<\/p>\n<p><span style=\"color: #ffffff\">&#8230;<\/span><br \/>\n=&gt; <strong><a href=\"http:\/\/www.ifbaiano.edu.br\/unidades\/santaines\/files\/2017\/08\/estudantes_lic_biologia_reajuste_matricula_09_08_2017.pdf\" target=\"_blank\">ACESSEM A LISTA DOS ESTUDANTES<\/a><\/strong>\u00a0(<strong>PDF<\/strong>)!<\/p>\n<hr \/>\n<p>Francisco Alexandre Costa Sampaio<br \/>\nCoordenador do Curso de Ci\u00eancias Biol\u00f3gicas<\/p>\n","protected":false},"excerpt":{"rendered":"<p>URGENTE!<br \/>\nAos Alunos da Licenciatura em Ci\u00eancias Biol\u00f3gicas,<br \/>\nDispon\u00edvel a lista dos alunos que dever\u00e3o realizar reajuste de matr\u00edcula no dia 09\/08\/2017,<br \/>\nHOJE &#8211; QUARTA-FEIRA &#8211; no per\u00edodo vespertino, de 13:30 as 17:30h.<\/p>\n","protected":false},"author":7,"featured_media":0,"comment_status":"closed","ping_status":"closed","sticky":false,"template":"","format":"standard","meta":[],"categories":[38,10,57],"tags":[],"_links":{"self":[{"href":"https:\/\/www.ifbaiano.edu.br\/unidades\/santaines\/wp-json\/wp\/v2\/posts\/8512"}],"collection":[{"href":"https:\/\/www.ifbaiano.edu.br\/unidades\/santaines\/wp-json\/wp\/v2\/posts"}],"about":[{"href":"https:\/\/www.ifbaiano.edu.br\/unidades\/santaines\/wp-json\/wp\/v2\/types\/post"}],"author":[{"embeddable":true,"href":"https:\/\/www.ifbaiano.edu.br\/unidades\/santaines\/wp-json\/wp\/v2\/users\/7"}],"replies":[{"embeddable":true,"href":"https:\/\/www.ifbaiano.edu.br\/unidades\/santaines\/wp-json\/wp\/v2\/comments?post=8512"}],"version-history":[{"count":7,"href":"https:\/\/www.ifbaiano.edu.br\/unidades\/santaines\/wp-json\/wp\/v2\/posts\/8512\/revisions"}],"predecessor-version":[{"id":8541,"href":"https:\/\/www.ifbaiano.edu.br\/unidades\/santaines\/wp-json\/wp\/v2\/posts\/8512\/revisions\/8541"}],"wp:attachment":[{"href":"https:\/\/www.ifbaiano.edu.br\/unidades\/santaines\/wp-json\/wp\/v2\/media?parent=8512"}],"wp:term":[{"taxonomy":"category","embeddable":true,"href":"https:\/\/www.ifbaiano.edu.br\/unidades\/santaines\/wp-json\/wp\/v2\/categories?post=8512"},{"taxonomy":"post_tag","embeddable":true,"href":"https:\/\/www.ifbaiano.edu.br\/unidades\/santaines\/wp-json\/wp\/v2\/tags?post=8512"}],"curies":[{"name":"wp","href":"https:\/\/api.w.org\/{rel}","templated":true}]}}