{"id":8519,"date":"2017-08-09T13:00:27","date_gmt":"2017-08-09T16:00:27","guid":{"rendered":"http:\/\/www.ifbaiano.edu.br\/unidades\/santaines\/?p=8519"},"modified":"2017-08-09T13:06:39","modified_gmt":"2017-08-09T16:06:39","slug":"processo-seletivo-vagas-remanescentes-curso-tecnico-em-informatica","status":"publish","type":"post","link":"https:\/\/www.ifbaiano.edu.br\/unidades\/santaines\/processo-seletivo-vagas-remanescentes-curso-tecnico-em-informatica\/","title":{"rendered":"Processo seletivo &#8211; Vagas Remanescentes &#8211; Curso T\u00e9cnico em Inform\u00e1tica"},"content":{"rendered":"<hr \/>\n<p>Processo de sele\u00e7\u00e3o de candidatos para provimento de vagas remanescentes do processo seletivo, por meio de manifesta\u00e7\u00e3o de interesse na vaga no Curso T\u00e9cnico em Inform\u00e1tica, Modalidade Subsequente, para o primeiro semestre de 2017.<\/p>\n<hr \/>\n<p>O Curso T\u00e9cnico na Modalidade SUBSEQUENTE \u00e9 destinado a candidatos que conclu\u00edram o Ensino M\u00e9dio ou equivalente, possibilitando ao aluno conhecimentos das compet\u00eancias da Educa\u00e7\u00e3o T\u00e9cnica Profissional.<br \/>\nO curso ser\u00e1 gratuito e a sele\u00e7\u00e3o para provimento das vagas ocorrer\u00e1 por meio de manifesta\u00e7\u00e3o presencial de interesse na vaga, diretamente no Campus Santa In\u00eas, onde o curso ser\u00e1 ofertado\u00a0e a classifica\u00e7\u00e3o e sele\u00e7\u00e3o dos candidatos ocorrer\u00e1 por meio de ordem de chegada, no dia 23 de agosto de 2017.<\/p>\n<p>Para ingresso, \u00e9 necess\u00e1rio que o estudante tenha conclu\u00eddo o Ensino M\u00e9dio ou equivalente at\u00e9 o dia da matr\u00edcula e, no ato da matr\u00edcula, apresente a documenta\u00e7\u00e3o completa exigida.<\/p>\n<p>O provimento das vagas seguir\u00e1 sistema de cotas para estudantes que cursaram integralmente o Ensino Fundamental na escola p\u00fablica<\/p>\n<p>Veja a distribui\u00e7\u00e3o das vagas e demais informa\u00e7\u00f5es no <strong><a href=\"http:\/\/www.ifbaiano.edu.br\/unidades\/santaines\/files\/2017\/08\/Edital-41_2017-VAGAS-REMANESCENTES.pdf\" target=\"_blank\">EDITAL<\/a><\/strong><\/p>\n<hr \/>\n<p>&nbsp;<\/p>\n","protected":false},"excerpt":{"rendered":"<p>Processo de sele\u00e7\u00e3o de candidatos para provimento de vagas remanescentes do processo seletivo, por meio de manifesta\u00e7\u00e3o de interesse na vaga no Curso T\u00e9cnico em Inform\u00e1tica, Modalidade Subsequente, para o primeiro semestre de 2017. O Curso T\u00e9cnico na Modalidade SUBSEQUENTE \u00e9 destinado a candidatos que conclu\u00edram o Ensino M\u00e9dio ou equivalente, possibilitando ao aluno conhecimentos [&hellip;]<\/p>\n","protected":false},"author":86,"featured_media":0,"comment_status":"closed","ping_status":"closed","sticky":false,"template":"","format":"standard","meta":[],"categories":[4,10,8,57],"tags":[],"_links":{"self":[{"href":"https:\/\/www.ifbaiano.edu.br\/unidades\/santaines\/wp-json\/wp\/v2\/posts\/8519"}],"collection":[{"href":"https:\/\/www.ifbaiano.edu.br\/unidades\/santaines\/wp-json\/wp\/v2\/posts"}],"about":[{"href":"https:\/\/www.ifbaiano.edu.br\/unidades\/santaines\/wp-json\/wp\/v2\/types\/post"}],"author":[{"embeddable":true,"href":"https:\/\/www.ifbaiano.edu.br\/unidades\/santaines\/wp-json\/wp\/v2\/users\/86"}],"replies":[{"embeddable":true,"href":"https:\/\/www.ifbaiano.edu.br\/unidades\/santaines\/wp-json\/wp\/v2\/comments?post=8519"}],"version-history":[{"count":6,"href":"https:\/\/www.ifbaiano.edu.br\/unidades\/santaines\/wp-json\/wp\/v2\/posts\/8519\/revisions"}],"predecessor-version":[{"id":8526,"href":"https:\/\/www.ifbaiano.edu.br\/unidades\/santaines\/wp-json\/wp\/v2\/posts\/8519\/revisions\/8526"}],"wp:attachment":[{"href":"https:\/\/www.ifbaiano.edu.br\/unidades\/santaines\/wp-json\/wp\/v2\/media?parent=8519"}],"wp:term":[{"taxonomy":"category","embeddable":true,"href":"https:\/\/www.ifbaiano.edu.br\/unidades\/santaines\/wp-json\/wp\/v2\/categories?post=8519"},{"taxonomy":"post_tag","embeddable":true,"href":"https:\/\/www.ifbaiano.edu.br\/unidades\/santaines\/wp-json\/wp\/v2\/tags?post=8519"}],"curies":[{"name":"wp","href":"https:\/\/api.w.org\/{rel}","templated":true}]}}