{"id":8537,"date":"2017-08-09T14:56:15","date_gmt":"2017-08-09T17:56:15","guid":{"rendered":"http:\/\/www.ifbaiano.edu.br\/unidades\/santaines\/?p=8537"},"modified":"2017-08-09T15:26:55","modified_gmt":"2017-08-09T18:26:55","slug":"resultado-final-da-selecao-de-monitores-bolsistas-e-voluntarios-das-graduacoes-edital-372017","status":"publish","type":"post","link":"https:\/\/www.ifbaiano.edu.br\/unidades\/santaines\/resultado-final-da-selecao-de-monitores-bolsistas-e-voluntarios-das-graduacoes-edital-372017\/","title":{"rendered":"Resultado final da sele\u00e7\u00e3o de monitores bolsistas e volunt\u00e1rios das gradua\u00e7\u00f5es &#8211; Edital 37\/2017."},"content":{"rendered":"<hr \/>\n<p style=\"text-align: justify\">O Programa de Monitoria do IF Baiano Campus Santa In\u00eas, destinado aos Cursos Superiores, visa \u00e0 sele\u00e7\u00e3o de estudantes devidamente matriculados nos Cursos de Licenciatura em Ci\u00eancias Biol\u00f3gicas, Licenciatura em Geografia ou Bacharelado em Zootecnia do IF Baiano Campus Santa In\u00eas.<\/p>\n<h2><a href=\"http:\/\/www.ifbaiano.edu.br\/unidades\/santaines\/files\/2017\/08\/Resultado-Final.pdf\">Veja o Resultado Final<\/a><\/h2>\n<hr \/>\n<p>&nbsp;<\/p>\n","protected":false},"excerpt":{"rendered":"<p>O Programa de Monitoria do IF Baiano Campus Santa In\u00eas, destinado aos Cursos Superiores, visa \u00e0 sele\u00e7\u00e3o de estudantes devidamente matriculados nos Cursos de Licenciatura em Ci\u00eancias Biol\u00f3gicas, Licenciatura em Geografia ou Bacharelado em Zootecnia do IF Baiano Campus Santa In\u00eas. Veja o Resultado Final &nbsp;<\/p>\n","protected":false},"author":86,"featured_media":0,"comment_status":"closed","ping_status":"closed","sticky":false,"template":"","format":"standard","meta":[],"categories":[4,10,8,57],"tags":[],"_links":{"self":[{"href":"https:\/\/www.ifbaiano.edu.br\/unidades\/santaines\/wp-json\/wp\/v2\/posts\/8537"}],"collection":[{"href":"https:\/\/www.ifbaiano.edu.br\/unidades\/santaines\/wp-json\/wp\/v2\/posts"}],"about":[{"href":"https:\/\/www.ifbaiano.edu.br\/unidades\/santaines\/wp-json\/wp\/v2\/types\/post"}],"author":[{"embeddable":true,"href":"https:\/\/www.ifbaiano.edu.br\/unidades\/santaines\/wp-json\/wp\/v2\/users\/86"}],"replies":[{"embeddable":true,"href":"https:\/\/www.ifbaiano.edu.br\/unidades\/santaines\/wp-json\/wp\/v2\/comments?post=8537"}],"version-history":[{"count":1,"href":"https:\/\/www.ifbaiano.edu.br\/unidades\/santaines\/wp-json\/wp\/v2\/posts\/8537\/revisions"}],"predecessor-version":[{"id":8539,"href":"https:\/\/www.ifbaiano.edu.br\/unidades\/santaines\/wp-json\/wp\/v2\/posts\/8537\/revisions\/8539"}],"wp:attachment":[{"href":"https:\/\/www.ifbaiano.edu.br\/unidades\/santaines\/wp-json\/wp\/v2\/media?parent=8537"}],"wp:term":[{"taxonomy":"category","embeddable":true,"href":"https:\/\/www.ifbaiano.edu.br\/unidades\/santaines\/wp-json\/wp\/v2\/categories?post=8537"},{"taxonomy":"post_tag","embeddable":true,"href":"https:\/\/www.ifbaiano.edu.br\/unidades\/santaines\/wp-json\/wp\/v2\/tags?post=8537"}],"curies":[{"name":"wp","href":"https:\/\/api.w.org\/{rel}","templated":true}]}}