{"id":8543,"date":"2017-08-09T16:12:30","date_gmt":"2017-08-09T19:12:30","guid":{"rendered":"http:\/\/www.ifbaiano.edu.br\/unidades\/santaines\/?p=8543"},"modified":"2017-08-09T16:12:30","modified_gmt":"2017-08-09T19:12:30","slug":"selecao-de-supervisores-para-o-curso-de-licenciatura-em-geografia-programa-institucional-de-bolsa-de-iniciacao-a-docencia-pibid","status":"publish","type":"post","link":"https:\/\/www.ifbaiano.edu.br\/unidades\/santaines\/selecao-de-supervisores-para-o-curso-de-licenciatura-em-geografia-programa-institucional-de-bolsa-de-iniciacao-a-docencia-pibid\/","title":{"rendered":"Sele\u00e7\u00e3o de supervisores para o curso de Licenciatura em Geografia &#8211; Programa Institucional de Bolsa de Inicia\u00e7\u00e3o \u00e0 Doc\u00eancia (PIBID)"},"content":{"rendered":"<hr \/>\n<p style=\"text-align: justify\">O Programa Institucional de Bolsa de Inicia\u00e7\u00e3o \u00e0 Doc\u00eancia &#8211; PIBID \u00e9 um programa da Coordena\u00e7\u00e3o de Aperfei\u00e7oamento de Pessoal de N\u00edvel Superior (Capes) que tem por finalidade fomentar a inicia\u00e7\u00e3o \u00e0 doc\u00eancia, contribuindo para o aperfei\u00e7oamento da forma\u00e7\u00e3o de docentes em n\u00edvel superior e para a melhoria da qualidade da educa\u00e7\u00e3o b\u00e1sica p\u00fablica brasileira.<\/p>\n<p style=\"text-align: justify\">O apoio do programa consiste na concess\u00e3o de bolsas aos integrantes do projeto e no repasse de recursos financeiros para custear suas atividades.<\/p>\n<p style=\"text-align: justify\">As bolsas de Supervis\u00e3o s\u00e3o no valor de R$ 765,00 (setecentos e sessenta e cinco reais) mensais. Sua dura\u00e7\u00e3o varia conforme a modalidade da concess\u00e3o. Independentemente de seu prazo de dura\u00e7\u00e3o, as bolsas ter\u00e3o vig\u00eancia apenas durante a execu\u00e7\u00e3o do projeto\/subprojeto.<\/p>\n<p style=\"text-align: justify\">Os candidatos classificados al\u00e9m do limite de bolsas dispon\u00edveis compor\u00e3o o cadastro reserva. A convoca\u00e7\u00e3o dos selecionados est\u00e1 condicionada \u00e0 exist\u00eancia de vagas referentes a cada subprojeto dos Cursos de Licenciatura do Campus Santa In\u00eas submetido \u00e0 proposta Institucional via edital 061\/2013<\/p>\n<p style=\"text-align: justify\">As inscri\u00e7\u00f5es poder\u00e3o ser realizadas, pessoalmente ou por procurador, no per\u00edodo de 10 a 11 de agosto de 2017, na Sala de Coordena\u00e7\u00e3o de Cursos Superiores e no Setor de Protocolo da Secretaria de Registros Acad\u00eamicos &#8211; SRA, nos hor\u00e1rios de 08:00 \u00e0s 11:30 e 13:30 \u00e0s 17:30.<\/p>\n<p style=\"text-align: justify\"><span style=\"color: #ffffff\">&#8230;<\/span><\/p>\n<p style=\"text-align: justify\"><strong><a href=\"http:\/\/www.ifbaiano.edu.br\/unidades\/santaines\/files\/2017\/08\/Edital-supervisores-PIBID-2017.pdf\" target=\"_blank\">Acesse o Edital para maiores informa\u00e7\u00f5es<\/a><\/strong><\/p>\n<hr \/>\n<p>&nbsp;<\/p>\n","protected":false},"excerpt":{"rendered":"<p>sele\u00e7\u00e3o de supervisores para o curso de Licenciatura em Geografia, Campus Santa In\u00eas, para concess\u00e3o de bolsas e forma\u00e7\u00e3o do cadastro de reserva do Programa Institucional de Bolsa de Inicia\u00e7\u00e3o \u00e0 Doc\u00eancia (PIBID)<\/p>\n","protected":false},"author":86,"featured_media":0,"comment_status":"closed","ping_status":"closed","sticky":false,"template":"","format":"standard","meta":[],"categories":[4,10,8,57],"tags":[],"_links":{"self":[{"href":"https:\/\/www.ifbaiano.edu.br\/unidades\/santaines\/wp-json\/wp\/v2\/posts\/8543"}],"collection":[{"href":"https:\/\/www.ifbaiano.edu.br\/unidades\/santaines\/wp-json\/wp\/v2\/posts"}],"about":[{"href":"https:\/\/www.ifbaiano.edu.br\/unidades\/santaines\/wp-json\/wp\/v2\/types\/post"}],"author":[{"embeddable":true,"href":"https:\/\/www.ifbaiano.edu.br\/unidades\/santaines\/wp-json\/wp\/v2\/users\/86"}],"replies":[{"embeddable":true,"href":"https:\/\/www.ifbaiano.edu.br\/unidades\/santaines\/wp-json\/wp\/v2\/comments?post=8543"}],"version-history":[{"count":5,"href":"https:\/\/www.ifbaiano.edu.br\/unidades\/santaines\/wp-json\/wp\/v2\/posts\/8543\/revisions"}],"predecessor-version":[{"id":8577,"href":"https:\/\/www.ifbaiano.edu.br\/unidades\/santaines\/wp-json\/wp\/v2\/posts\/8543\/revisions\/8577"}],"wp:attachment":[{"href":"https:\/\/www.ifbaiano.edu.br\/unidades\/santaines\/wp-json\/wp\/v2\/media?parent=8543"}],"wp:term":[{"taxonomy":"category","embeddable":true,"href":"https:\/\/www.ifbaiano.edu.br\/unidades\/santaines\/wp-json\/wp\/v2\/categories?post=8543"},{"taxonomy":"post_tag","embeddable":true,"href":"https:\/\/www.ifbaiano.edu.br\/unidades\/santaines\/wp-json\/wp\/v2\/tags?post=8543"}],"curies":[{"name":"wp","href":"https:\/\/api.w.org\/{rel}","templated":true}]}}