{"id":8552,"date":"2017-08-10T17:19:26","date_gmt":"2017-08-10T20:19:26","guid":{"rendered":"http:\/\/www.ifbaiano.edu.br\/unidades\/santaines\/?p=8552"},"modified":"2017-08-10T17:24:59","modified_gmt":"2017-08-10T20:24:59","slug":"chamada-interna-de-apoio-a-participacao-de-servidores-em-eventos-cientificos-tecnologicos-de-inovacao-e-de-extensao","status":"publish","type":"post","link":"https:\/\/www.ifbaiano.edu.br\/unidades\/santaines\/chamada-interna-de-apoio-a-participacao-de-servidores-em-eventos-cientificos-tecnologicos-de-inovacao-e-de-extensao\/","title":{"rendered":"Chamada Interna de Apoio \u00e0 participa\u00e7\u00e3o de Servidores em Eventos Cient\u00edficos, Tecnol\u00f3gicos, de Inova\u00e7\u00e3o e de Extens\u00e3o"},"content":{"rendered":"<hr \/>\n<p style=\"text-align: justify\" align=\"justify\"><span style=\"font-family: Arial, sans-serif\"><span style=\"font-size: medium\">O Programa Institucional de Incentivo \u00e0 Participa\u00e7\u00e3o de Servidores do IF Baiano Campus Santa In\u00eas em Eventos Cient\u00edficos, Tecnol\u00f3gicos, de Inova\u00e7\u00e3o e de Extens\u00e3o estar\u00e3o com inscri\u00e7\u00f5es abertas no per\u00edodo de <strong>13 a 16\/08\/2017<\/strong>, atrav\u00e9s de Edital de Chamada Interna.<\/span><\/span><\/p>\n<p style=\"text-align: justify\" align=\"justify\"><span style=\"font-family: Arial, sans-serif\"><span style=\"font-size: medium\">A Chamada de Apoio \u00e0 Participa\u00e7\u00e3o de Servidores em Eventos T\u00e9cnico Cient\u00edficos com Publica\u00e7\u00e3o de Trabalhos disponibilizar\u00e1 recurso or\u00e7ament\u00e1rio para aux\u00edlio financeiro individual a servidores do Campus Santa In\u00eas. <\/span><\/span><\/p>\n<p style=\"text-align: justify\" align=\"justify\"><span style=\"font-family: Arial, sans-serif\"><span style=\"font-size: medium\">O referido aux\u00edlio financeiro ser\u00e1 destinado ao custeio de despesas de passagens e di\u00e1rias para participa\u00e7\u00e3o em Eventos T\u00e9cnico Cient\u00edficos, no per\u00edodo de agosto a dezembro de 2017. <\/span><\/span><\/p>\n<p style=\"text-align: justify\" align=\"justify\"><span style=\"font-family: Arial, sans-serif\"><span style=\"font-size: medium\">O recurso destinado constitui mera expectativa de direito, considerando poss\u00edveis restri\u00e7\u00f5es or\u00e7ament\u00e1rias e financeiras que podem comprometer a qualquer tempo a execu\u00e7\u00e3o financeira dessa Chamada. <\/span><\/span><\/p>\n<p style=\"text-align: justify\" align=\"justify\"><span style=\"font-family: Arial, sans-serif\"><span style=\"font-size: medium\">As inscri\u00e7\u00f5es para concorr\u00eancia nesta Chamada p\u00fablica devem ser enviadas exclusivamente para o e-mail<\/span><\/span><strong><span style=\"font-family: Arial, sans-serif\"><span style=\"font-size: medium\"> <span style=\"text-decoration: underline\"><span style=\"color: #0000ff;text-decoration: underline\">coordenacaodepesquisa@si.ifbaiano.edu.br.<\/span><\/span><\/span><\/span><\/strong><\/p>\n<p align=\"justify\"><span style=\"color: #ffffff\">&#8230;<\/span><\/p>\n<h2 align=\"justify\"><strong><a href=\"http:\/\/www.ifbaiano.edu.br\/unidades\/santaines\/files\/2017\/08\/Chamada-Interna-N\u00ba-42.pdf\" target=\"_blank\">Acesse o EDITAL para maiores informa\u00e7\u00f5es<\/a><\/strong><\/h2>\n<p>&nbsp;<\/p>\n<hr \/>\n<p align=\"justify\">\n","protected":false},"excerpt":{"rendered":"<p>Programa Institucional de Incentivo \u00e0 Participa\u00e7\u00e3o de Servidores do IF Baiano em Eventos Cient\u00edficos, Tecnol\u00f3gicos, de Inova\u00e7\u00e3o e de Extens\u00e3o<\/p>\n","protected":false},"author":86,"featured_media":0,"comment_status":"closed","ping_status":"closed","sticky":false,"template":"","format":"standard","meta":[],"categories":[4,10,8,57],"tags":[],"_links":{"self":[{"href":"https:\/\/www.ifbaiano.edu.br\/unidades\/santaines\/wp-json\/wp\/v2\/posts\/8552"}],"collection":[{"href":"https:\/\/www.ifbaiano.edu.br\/unidades\/santaines\/wp-json\/wp\/v2\/posts"}],"about":[{"href":"https:\/\/www.ifbaiano.edu.br\/unidades\/santaines\/wp-json\/wp\/v2\/types\/post"}],"author":[{"embeddable":true,"href":"https:\/\/www.ifbaiano.edu.br\/unidades\/santaines\/wp-json\/wp\/v2\/users\/86"}],"replies":[{"embeddable":true,"href":"https:\/\/www.ifbaiano.edu.br\/unidades\/santaines\/wp-json\/wp\/v2\/comments?post=8552"}],"version-history":[{"count":3,"href":"https:\/\/www.ifbaiano.edu.br\/unidades\/santaines\/wp-json\/wp\/v2\/posts\/8552\/revisions"}],"predecessor-version":[{"id":8557,"href":"https:\/\/www.ifbaiano.edu.br\/unidades\/santaines\/wp-json\/wp\/v2\/posts\/8552\/revisions\/8557"}],"wp:attachment":[{"href":"https:\/\/www.ifbaiano.edu.br\/unidades\/santaines\/wp-json\/wp\/v2\/media?parent=8552"}],"wp:term":[{"taxonomy":"category","embeddable":true,"href":"https:\/\/www.ifbaiano.edu.br\/unidades\/santaines\/wp-json\/wp\/v2\/categories?post=8552"},{"taxonomy":"post_tag","embeddable":true,"href":"https:\/\/www.ifbaiano.edu.br\/unidades\/santaines\/wp-json\/wp\/v2\/tags?post=8552"}],"curies":[{"name":"wp","href":"https:\/\/api.w.org\/{rel}","templated":true}]}}