{"id":8559,"date":"2017-08-15T13:31:15","date_gmt":"2017-08-15T16:31:15","guid":{"rendered":"http:\/\/www.ifbaiano.edu.br\/unidades\/santaines\/?p=8559"},"modified":"2017-08-16T11:49:03","modified_gmt":"2017-08-16T14:49:03","slug":"homologacao-das-inscricoes-para-concessao-de-bolsas-e-formacao-de-cadastro-de-reserva-do-programa-institucional-de-bolsas-de-iniciacao-a-docencia","status":"publish","type":"post","link":"https:\/\/www.ifbaiano.edu.br\/unidades\/santaines\/homologacao-das-inscricoes-para-concessao-de-bolsas-e-formacao-de-cadastro-de-reserva-do-programa-institucional-de-bolsas-de-iniciacao-a-docencia\/","title":{"rendered":"Homologa\u00e7\u00e3o das Inscri\u00e7\u00f5es para Concess\u00e3o de Bolsas e forma\u00e7\u00e3o de Cadastro de Reserva do Programa Institucional de Bolsas de Inicia\u00e7\u00e3o \u00e0 Doc\u00eancia"},"content":{"rendered":"<div>\n<hr \/>\n<p>Em continuidade aos tr\u00e2mites do Processo Seletivo do\u00a0Programa Institucional de Bolsa de Inicia\u00e7\u00e3o \u00e0 Doc\u00eancia &#8211; PIBID, veja, abaixo:<\/p>\n<\/div>\n<div><\/div>\n<div>\n<p><a href=\"http:\/\/www.ifbaiano.edu.br\/unidades\/santaines\/files\/2017\/08\/Homologa\u00e7\u00e3o-das-Inscri\u00e7\u00f5es-PIBID.pdf\">Homologa\u00e7\u00e3o das Inscri\u00e7\u00f5es &#8211; PIBID<\/a><\/p>\n<p><a href=\"http:\/\/www.ifbaiano.edu.br\/unidades\/santaines\/files\/2017\/08\/Retifica\u00e7\u00e3o-da-homologa\u00e7\u00e3o-das-inscri\u00e7\u00f5es.pdf\">Homologa\u00e7\u00e3o das inscri\u00e7\u00f5es &#8211; \u00a0PIBID &#8211; Retifica\u00e7\u00e3o<\/a><\/p>\n<hr \/>\n<\/div>\n<div>\n<p>O PIBID \u00e9 um programa da Coordena\u00e7\u00e3o de Aperfei\u00e7oamento de Pessoal de N\u00edvel Superior (Capes) que tem por finalidade fomentar a inicia\u00e7\u00e3o \u00e0 doc\u00eancia, contribuindo para o aperfei\u00e7oamento da forma\u00e7\u00e3o de docentes em n\u00edvel superior e para a melhoria da qualidade da educa\u00e7\u00e3o b\u00e1sica p\u00fablica brasileira.<\/p>\n<p style=\"text-align: justify\">O apoio do programa consiste na concess\u00e3o de bolsas aos integrantes do projeto e no repasse de recursos financeiros para custear suas atividades.<\/p>\n<p style=\"text-align: justify\">As bolsas de Supervis\u00e3o s\u00e3o no valor de R$ 765,00 (setecentos e sessenta e cinco reais) mensais. Sua dura\u00e7\u00e3o varia conforme a modalidade da concess\u00e3o. Independentemente de seu prazo de dura\u00e7\u00e3o, as bolsas ter\u00e3o vig\u00eancia apenas durante a execu\u00e7\u00e3o do projeto\/subprojeto.<\/p>\n<p style=\"text-align: justify\">Os candidatos classificados al\u00e9m do limite de bolsas dispon\u00edveis compor\u00e3o o cadastro reserva. A convoca\u00e7\u00e3o dos selecionados est\u00e1 condicionada \u00e0 exist\u00eancia de vagas referentes a cada subprojeto dos Cursos de Licenciatura do Campus Santa In\u00eas submetido \u00e0 proposta Institucional via edital 061\/2013<\/p>\n<p style=\"text-align: justify\"><span style=\"color: #ffffff\">&#8230;<\/span><\/p>\n<p style=\"text-align: justify\"><strong><a href=\"http:\/\/www.ifbaiano.edu.br\/unidades\/santaines\/files\/2017\/08\/Edital-supervisores-PIBID-2017.pdf\" target=\"_blank\">Acesse o Edital<\/a><\/strong><\/p>\n<p style=\"text-align: justify\">\n<\/div>\n","protected":false},"excerpt":{"rendered":"<p>Divulgada a retifica\u00e7\u00e3o da lista de homologa\u00e7\u00e3o das inscri\u00e7\u00f5es do processo seletivo para professor-supervisor do PIBID Geografia.<\/p>\n","protected":false},"author":1,"featured_media":0,"comment_status":"closed","ping_status":"closed","sticky":false,"template":"","format":"standard","meta":[],"categories":[4,12,10,8,57],"tags":[],"_links":{"self":[{"href":"https:\/\/www.ifbaiano.edu.br\/unidades\/santaines\/wp-json\/wp\/v2\/posts\/8559"}],"collection":[{"href":"https:\/\/www.ifbaiano.edu.br\/unidades\/santaines\/wp-json\/wp\/v2\/posts"}],"about":[{"href":"https:\/\/www.ifbaiano.edu.br\/unidades\/santaines\/wp-json\/wp\/v2\/types\/post"}],"author":[{"embeddable":true,"href":"https:\/\/www.ifbaiano.edu.br\/unidades\/santaines\/wp-json\/wp\/v2\/users\/1"}],"replies":[{"embeddable":true,"href":"https:\/\/www.ifbaiano.edu.br\/unidades\/santaines\/wp-json\/wp\/v2\/comments?post=8559"}],"version-history":[{"count":4,"href":"https:\/\/www.ifbaiano.edu.br\/unidades\/santaines\/wp-json\/wp\/v2\/posts\/8559\/revisions"}],"predecessor-version":[{"id":8582,"href":"https:\/\/www.ifbaiano.edu.br\/unidades\/santaines\/wp-json\/wp\/v2\/posts\/8559\/revisions\/8582"}],"wp:attachment":[{"href":"https:\/\/www.ifbaiano.edu.br\/unidades\/santaines\/wp-json\/wp\/v2\/media?parent=8559"}],"wp:term":[{"taxonomy":"category","embeddable":true,"href":"https:\/\/www.ifbaiano.edu.br\/unidades\/santaines\/wp-json\/wp\/v2\/categories?post=8559"},{"taxonomy":"post_tag","embeddable":true,"href":"https:\/\/www.ifbaiano.edu.br\/unidades\/santaines\/wp-json\/wp\/v2\/tags?post=8559"}],"curies":[{"name":"wp","href":"https:\/\/api.w.org\/{rel}","templated":true}]}}