{"id":8562,"date":"2017-08-14T20:37:15","date_gmt":"2017-08-14T23:37:15","guid":{"rendered":"http:\/\/www.ifbaiano.edu.br\/unidades\/santaines\/?p=8562"},"modified":"2017-08-16T12:00:14","modified_gmt":"2017-08-16T15:00:14","slug":"edital-de-ingresso-de-estudantes-2017-2-do-if-baiano-com-oferta-de-vagas-para-o-curso-de-bacharelado-em-zootecnia-do-campus-santa-ines","status":"publish","type":"post","link":"https:\/\/www.ifbaiano.edu.br\/unidades\/santaines\/edital-de-ingresso-de-estudantes-2017-2-do-if-baiano-com-oferta-de-vagas-para-o-curso-de-bacharelado-em-zootecnia-do-campus-santa-ines\/","title":{"rendered":"Campus Santa In\u00eas abre sele\u00e7\u00e3o para curso de gradua\u00e7\u00e3o em Zootecnia"},"content":{"rendered":"<hr \/>\n<div class=\"addtoany_share_save_container addtoany_content_top\">\n<div class=\"addtoany_header\">Compartilhe nas redes sociais:<\/div>\n<div id=\"\" class=\"a2a_kit addtoany_list a2a_target\"><a class=\"a2a_button_facebook\" title=\"Facebook\" href=\"http:\/\/ifbaiano.edu.br\/#facebook\" target=\"_blank\" rel=\"nofollow noopener\"><img decoding=\"async\" loading=\"lazy\" src=\"http:\/\/ifbaiano.edu.br\/portal\/wp-content\/plugins\/add-to-any\/icons\/facebook.png\" alt=\"Facebook\" width=\"16\" height=\"16\" \/><\/a>\u00a0<a class=\"a2a_button_twitter\" title=\"Twitter\" href=\"http:\/\/ifbaiano.edu.br\/#twitter\" target=\"_blank\" rel=\"nofollow noopener\"><img decoding=\"async\" loading=\"lazy\" src=\"http:\/\/ifbaiano.edu.br\/portal\/wp-content\/plugins\/add-to-any\/icons\/twitter.png\" alt=\"Twitter\" width=\"16\" height=\"16\" \/><\/a>\u00a0<a class=\"a2a_button_google_plus\" title=\"Google+\" href=\"http:\/\/ifbaiano.edu.br\/#google_plus\" target=\"_blank\" rel=\"nofollow noopener\"><img decoding=\"async\" loading=\"lazy\" src=\"http:\/\/ifbaiano.edu.br\/portal\/wp-content\/plugins\/add-to-any\/icons\/google_plus.png\" alt=\"Google+\" width=\"16\" height=\"16\" \/><\/a>\u00a0<a class=\"a2a_dd a2a_counter addtoany_share_save\" href=\"https:\/\/www.addtoany.com\/share#url=http%3A%2F%2Fifbaiano.edu.br%2Fportal%2Fblog%2F2017%2F08%2F09%2Fif-baiano-abre-selecao-para-cursos-de-graduacao-em-engenharia-agronomica-e-zootecnia%2F&amp;title=IF%20Baiano%20abre%20sele%C3%A7%C3%A3o%20para%20cursos%20de%20gradua%C3%A7%C3%A3o%20em%20Engenharia%20Agron%C3%B4mica%20e%20Zootecnia\"><span class=\"a2a_count\">67<\/span><\/a><\/div>\n<\/div>\n<div class=\"pf-content\">\n<p class=\"western\" style=\"text-align: justify\">O Instituto Federal de Educa\u00e7\u00e3o, Ci\u00eancia e Tecnologia Baiano (IF Baiano) est\u00e1 ofertando o total de 47 vagas em cursos de gradua\u00e7\u00e3o para ingresso em 2017. S\u00e3o 20 vagas para o curso de Engenharia Agron\u00f4mica, no\u00a0<i>Campus<\/i>\u00a0Bom Jesus da Lapa, e <strong>27 vagas para o curso de Zootecnia, no\u00a0<em>Campus<\/em>\u00a0Santa In\u00eas<\/strong>, ambos da modalidade Bacharelado.<\/p>\n<p class=\"western\" style=\"text-align: justify\">Para concorrer, os interessados devem se inscrever, pela internet, na\u00a0<a href=\"http:\/\/concurso.ifbaiano.edu.br\/portal\/ingresso-estudante-graduacao-2017-2\/\" target=\"_blank\">p\u00e1gina do Processo de Ingresso<\/a>\u00a0no per\u00edodo de\u00a0<strong>10 a 18 de agosto<\/strong>\u00a0de 2017. A inscri\u00e7\u00e3o \u00e9 gratuita e podem se inscrever pessoas que j\u00e1 conclu\u00edram o Ensino M\u00e9dio, ou equivalente, at\u00e9 a data da matr\u00edcula.<\/p>\n<p class=\"western\" style=\"text-align: justify\">Para efeito de classifica\u00e7\u00e3o, o crit\u00e9rio adotado ser\u00e1 an\u00e1lise de desempenho escolar no Ensino M\u00e9dio. Dessa forma, ser\u00e3o consideradas as m\u00e9dias globais obtidas pelo candidato a cada ano do Ensino M\u00e9dio. Tamb\u00e9m ser\u00e3o aceitos os resultados do ENEM. Dessa forma, ap\u00f3s concluir a inscri\u00e7\u00e3o online, os candidatos devem apresentar a documenta\u00e7\u00e3o, exigida no\u00a0<a href=\"http:\/\/concurso.ifbaiano.edu.br\/portal\/ingresso-estudante-graduacao-2017-2\/wp-content\/uploads\/sites\/113\/2017\/08\/edital-ingressos-2017-2-graduacao.pdf\">Edital n. 103\/2017<\/a>, diretamente no\u00a0<i>Campus<\/i>\u00a0para o qual fez a op\u00e7\u00e3o de curso.<\/p>\n<p class=\"western\" style=\"text-align: justify\"><b>Reserva de vagas<\/b><\/p>\n<p class=\"western\" style=\"text-align: justify\">O Processo de Ingresso do IF Baiano conta com um sistema de Reserva de Vagas que destina 25% das vagas para Ampla Concorr\u00eancia, 70% para estudantes oriundos de Escolas P\u00fablicas e 5% para Pessoas com Defici\u00eancia.<\/p>\n<p class=\"western\" style=\"text-align: justify\"><strong>Sobre os cursos<\/strong><\/p>\n<p class=\"western\" style=\"text-align: justify\"><a href=\"http:\/\/ifbaiano.edu.br\/portal\/bacharelado-em-engenharia-agronomica\/\">Engenharia Agron\u00f4mica<\/a>\u00a0\u2013\u00a0O curso forma\u00a0profissionais com base s\u00f3lida e com equil\u00edbrio entre ensino, aprendizagem e pr\u00e1tica, adequando a forma\u00e7\u00e3o do Engenheiro Agr\u00f4nomo \u00e0s necessidades da realidade atual, atrav\u00e9s de forma\u00e7\u00e3o generalista e uma vis\u00e3o abrangente para o desempenho de todos os segmentos da profiss\u00e3o, sendo capaz de gerar, adaptar e validar tecnologias que contribuam para a melhoria e aprimoramento das atividades ligadas \u00e0 agropecu\u00e1ria, com \u00eanfase em \u00e1reas que promovam um maior conhecimento das necessidades regionais.<\/p>\n<p class=\"western\" style=\"text-align: justify\"><a href=\"http:\/\/ifbaiano.edu.br\/portal\/bacharelado-em-zootecnia\/\">Zootecnia<\/a>\u00a0\u2013\u00a0O foco do curso \u00e9 formar profissionais que atuem\u00a0no gerenciamento, planejamento, produ\u00e7\u00e3o, beneficiamento e comercializa\u00e7\u00e3o dos produtos animais do agroneg\u00f3cio. O\u00a0zootecnista pode atuar na nutri\u00e7\u00e3o, no melhoramento gen\u00e9tico, na reprodu\u00e7\u00e3o e na administra\u00e7\u00e3o rural, considerando o bem-estar animal, a sustentabilidade econ\u00f4mica e ambiental da propriedade e a qualidade dos produtos de origem animal.<\/p>\n<p class=\"western\" style=\"text-align: justify\"><span style=\"color: #ffffff\">&#8230;<\/span><\/p>\n<hr \/>\n<p class=\"western\" style=\"text-align: justify\">\u2013<\/p>\n<p class=\"western\" style=\"text-align: justify\" align=\"JUSTIFY\"><span lang=\"pt-BR\"><i>Esta mat\u00e9ria tem car\u00e1ter informativo e foi<\/i><\/span><i>\u00a0reproduzida de\u00a0IF Baiano\/Reitoria\/Comunica\u00e7\u00e3o\/Jornalismo<\/i><a href=\"https:\/\/goo.gl\/Qur8mV\" target=\"_blank\">\u00a0https:\/\/goo.gl\/Qur8mV<\/a><\/p>\n<p class=\"western\" style=\"text-align: justify\" align=\"JUSTIFY\">\n<\/div>\n<p>&nbsp;<\/p>\n","protected":false},"excerpt":{"rendered":"<p>N\u00e3o perca essa oportunidade. Inscreva-se at\u00e9 18 de agosto<\/p>\n","protected":false},"author":1,"featured_media":0,"comment_status":"closed","ping_status":"closed","sticky":false,"template":"","format":"standard","meta":[],"categories":[4,12,5,10,57],"tags":[],"_links":{"self":[{"href":"https:\/\/www.ifbaiano.edu.br\/unidades\/santaines\/wp-json\/wp\/v2\/posts\/8562"}],"collection":[{"href":"https:\/\/www.ifbaiano.edu.br\/unidades\/santaines\/wp-json\/wp\/v2\/posts"}],"about":[{"href":"https:\/\/www.ifbaiano.edu.br\/unidades\/santaines\/wp-json\/wp\/v2\/types\/post"}],"author":[{"embeddable":true,"href":"https:\/\/www.ifbaiano.edu.br\/unidades\/santaines\/wp-json\/wp\/v2\/users\/1"}],"replies":[{"embeddable":true,"href":"https:\/\/www.ifbaiano.edu.br\/unidades\/santaines\/wp-json\/wp\/v2\/comments?post=8562"}],"version-history":[{"count":6,"href":"https:\/\/www.ifbaiano.edu.br\/unidades\/santaines\/wp-json\/wp\/v2\/posts\/8562\/revisions"}],"predecessor-version":[{"id":8571,"href":"https:\/\/www.ifbaiano.edu.br\/unidades\/santaines\/wp-json\/wp\/v2\/posts\/8562\/revisions\/8571"}],"wp:attachment":[{"href":"https:\/\/www.ifbaiano.edu.br\/unidades\/santaines\/wp-json\/wp\/v2\/media?parent=8562"}],"wp:term":[{"taxonomy":"category","embeddable":true,"href":"https:\/\/www.ifbaiano.edu.br\/unidades\/santaines\/wp-json\/wp\/v2\/categories?post=8562"},{"taxonomy":"post_tag","embeddable":true,"href":"https:\/\/www.ifbaiano.edu.br\/unidades\/santaines\/wp-json\/wp\/v2\/tags?post=8562"}],"curies":[{"name":"wp","href":"https:\/\/api.w.org\/{rel}","templated":true}]}}