{"id":8583,"date":"2017-08-16T11:56:46","date_gmt":"2017-08-16T14:56:46","guid":{"rendered":"http:\/\/www.ifbaiano.edu.br\/unidades\/santaines\/?p=8583"},"modified":"2017-08-17T08:57:14","modified_gmt":"2017-08-17T11:57:14","slug":"lista-de-classificacao-da-selecao-para-concessao-de-bolsas-e-formacao-de-cadastro-reserva-do-programa-institucional-de-bolsas-de-iniciacao-a-docencia-pibid","status":"publish","type":"post","link":"https:\/\/www.ifbaiano.edu.br\/unidades\/santaines\/lista-de-classificacao-da-selecao-para-concessao-de-bolsas-e-formacao-de-cadastro-reserva-do-programa-institucional-de-bolsas-de-iniciacao-a-docencia-pibid\/","title":{"rendered":"Lista de Classifica\u00e7\u00e3o da Sele\u00e7\u00e3o do PIBID"},"content":{"rendered":"<div><\/div>\n<div><a href=\"http:\/\/www.ifbaiano.edu.br\/unidades\/santaines\/files\/2017\/08\/Lista-de-classifica\u00e7\u00e3o-Edital-PIBID.pdf\" target=\"_blank\">Lista de classifica\u00e7\u00e3o &#8211; Edital PIBID<\/a><\/div>\n<div><\/div>\n<div>\n<hr \/>\n<\/div>\n<div>\n<p>Ainda sobre este Programa, veja:<\/p>\n<p><a href=\"http:\/\/www.ifbaiano.edu.br\/unidades\/santaines\/files\/2017\/08\/Homologa\u00e7\u00e3o-das-Inscri\u00e7\u00f5es-PIBID.pdf\">Homologa\u00e7\u00e3o das Inscri\u00e7\u00f5es &#8211; PIBID<\/a><\/p>\n<p><a href=\"http:\/\/www.ifbaiano.edu.br\/unidades\/santaines\/files\/2017\/08\/Retifica\u00e7\u00e3o-da-homologa\u00e7\u00e3o-das-inscri\u00e7\u00f5es.pdf\">Homologa\u00e7\u00e3o das inscri\u00e7\u00f5es &#8211; \u00a0PIBID &#8211; Retifica\u00e7\u00e3o<\/a><\/p>\n<p><a href=\"http:\/\/www.ifbaiano.edu.br\/unidades\/santaines\/files\/2017\/08\/Retifica\u00e7\u00e3o-da-homologa\u00e7\u00e3o-das-inscri\u00e7\u00f5es.pdf\">Edital<\/a><\/p>\n<hr \/>\n<\/div>\n<div>\n<p>O PIBID \u00e9 um programa da Coordena\u00e7\u00e3o de Aperfei\u00e7oamento de Pessoal de N\u00edvel Superior (Capes) que tem por finalidade fomentar a inicia\u00e7\u00e3o \u00e0 doc\u00eancia, contribuindo para o aperfei\u00e7oamento da forma\u00e7\u00e3o de docentes em n\u00edvel superior e para a melhoria da qualidade da educa\u00e7\u00e3o b\u00e1sica p\u00fablica brasileira.<\/p>\n<p>O apoio do programa consiste na concess\u00e3o de bolsas aos integrantes do projeto e no repasse de recursos financeiros para custear suas atividades.<\/p>\n<p>As bolsas de Supervis\u00e3o s\u00e3o no valor de R$ 765,00 (setecentos e sessenta e cinco reais) mensais. Sua dura\u00e7\u00e3o varia conforme a modalidade da concess\u00e3o. Independentemente de seu prazo de dura\u00e7\u00e3o, as bolsas ter\u00e3o vig\u00eancia apenas durante a execu\u00e7\u00e3o do projeto\/subprojeto.<\/p>\n<p>Os candidatos classificados al\u00e9m do limite de bolsas dispon\u00edveis compor\u00e3o o cadastro reserva. A convoca\u00e7\u00e3o dos selecionados est\u00e1 condicionada \u00e0 exist\u00eancia de vagas referentes a cada subprojeto dos Cursos de Licenciatura do Campus Santa In\u00eas submetido \u00e0 proposta Institucional via edital 061\/2013.<\/p>\n<hr \/>\n<p style=\"text-align: justify\"><span style=\"color: #ffffff\">&#8230;<\/span><\/p>\n<p style=\"text-align: justify\">\n<\/div>\n","protected":false},"excerpt":{"rendered":"<p>Sele\u00e7\u00e3o para Concess\u00e3o de Bolsas e Forma\u00e7\u00e3o de Cadastro Reserva do Programa Institucional de Bolsas de Inicia\u00e7\u00e3o \u00e0 Doc\u00eancia<\/p>\n","protected":false},"author":86,"featured_media":0,"comment_status":"closed","ping_status":"closed","sticky":false,"template":"","format":"standard","meta":[],"categories":[4,5,10,8,1,57],"tags":[],"_links":{"self":[{"href":"https:\/\/www.ifbaiano.edu.br\/unidades\/santaines\/wp-json\/wp\/v2\/posts\/8583"}],"collection":[{"href":"https:\/\/www.ifbaiano.edu.br\/unidades\/santaines\/wp-json\/wp\/v2\/posts"}],"about":[{"href":"https:\/\/www.ifbaiano.edu.br\/unidades\/santaines\/wp-json\/wp\/v2\/types\/post"}],"author":[{"embeddable":true,"href":"https:\/\/www.ifbaiano.edu.br\/unidades\/santaines\/wp-json\/wp\/v2\/users\/86"}],"replies":[{"embeddable":true,"href":"https:\/\/www.ifbaiano.edu.br\/unidades\/santaines\/wp-json\/wp\/v2\/comments?post=8583"}],"version-history":[{"count":4,"href":"https:\/\/www.ifbaiano.edu.br\/unidades\/santaines\/wp-json\/wp\/v2\/posts\/8583\/revisions"}],"predecessor-version":[{"id":8588,"href":"https:\/\/www.ifbaiano.edu.br\/unidades\/santaines\/wp-json\/wp\/v2\/posts\/8583\/revisions\/8588"}],"wp:attachment":[{"href":"https:\/\/www.ifbaiano.edu.br\/unidades\/santaines\/wp-json\/wp\/v2\/media?parent=8583"}],"wp:term":[{"taxonomy":"category","embeddable":true,"href":"https:\/\/www.ifbaiano.edu.br\/unidades\/santaines\/wp-json\/wp\/v2\/categories?post=8583"},{"taxonomy":"post_tag","embeddable":true,"href":"https:\/\/www.ifbaiano.edu.br\/unidades\/santaines\/wp-json\/wp\/v2\/tags?post=8583"}],"curies":[{"name":"wp","href":"https:\/\/api.w.org\/{rel}","templated":true}]}}