{"id":8607,"date":"2017-08-18T12:54:25","date_gmt":"2017-08-18T15:54:25","guid":{"rendered":"http:\/\/www.ifbaiano.edu.br\/unidades\/santaines\/?p=8607"},"modified":"2017-08-18T16:49:11","modified_gmt":"2017-08-18T19:49:11","slug":"resultado-do-edital-de-chamada-interna-no-422017","status":"publish","type":"post","link":"https:\/\/www.ifbaiano.edu.br\/unidades\/santaines\/resultado-do-edital-de-chamada-interna-no-422017\/","title":{"rendered":"Resultado do Edital de Chamada Interna n\u00ba 42\/2017"},"content":{"rendered":"<hr \/>\n<p align=\"justify\">As inscri\u00e7\u00f5es para o Programa Institucional de Incentivo \u00e0 Participa\u00e7\u00e3o de Servidores do IF Baiano Campus Santa In\u00eas em Eventos Cient\u00edficos, Tecnol\u00f3gicos, de Inova\u00e7\u00e3o e de Extens\u00e3o foram encerradas em\u00a0<strong>16\/08\/2017<\/strong>, atrav\u00e9s de Edital n\u00ba 42\/2017 de Chamada Interna.<\/p>\n<h1 align=\"justify\"><a href=\"http:\/\/www.ifbaiano.edu.br\/unidades\/santaines\/files\/2017\/08\/Resultado-Edital-Chamada-Interna-N\u00ba-42.pdf\" target=\"_blank\">Veja o Resultado Final<\/a><\/h1>\n<p align=\"justify\"><span style=\"color: #ffffff\"><strong>.<\/strong><\/span><\/p>\n<hr \/>\n<h2 align=\"justify\">Acesse o <strong><a href=\"http:\/\/www.ifbaiano.edu.br\/unidades\/santaines\/files\/2017\/08\/Chamada-Interna-N%C2%BA-42.pdf\" target=\"_blank\">EDITAL<\/a>\u00a0<\/strong>para saber mais sobre o Programa<\/h2>\n<hr \/>\n<p>&nbsp;<\/p>\n","protected":false},"excerpt":{"rendered":"<p>Chamada Interna de Apoio \u00e0 participa\u00e7\u00e3o de Servidores em Eventos Cient\u00edficos, Tecnol\u00f3gicos, de Inova\u00e7\u00e3o e de Extens\u00e3o<\/p>\n","protected":false},"author":86,"featured_media":0,"comment_status":"closed","ping_status":"closed","sticky":false,"template":"","format":"standard","meta":[],"categories":[4,38,5,10,8,57],"tags":[],"_links":{"self":[{"href":"https:\/\/www.ifbaiano.edu.br\/unidades\/santaines\/wp-json\/wp\/v2\/posts\/8607"}],"collection":[{"href":"https:\/\/www.ifbaiano.edu.br\/unidades\/santaines\/wp-json\/wp\/v2\/posts"}],"about":[{"href":"https:\/\/www.ifbaiano.edu.br\/unidades\/santaines\/wp-json\/wp\/v2\/types\/post"}],"author":[{"embeddable":true,"href":"https:\/\/www.ifbaiano.edu.br\/unidades\/santaines\/wp-json\/wp\/v2\/users\/86"}],"replies":[{"embeddable":true,"href":"https:\/\/www.ifbaiano.edu.br\/unidades\/santaines\/wp-json\/wp\/v2\/comments?post=8607"}],"version-history":[{"count":3,"href":"https:\/\/www.ifbaiano.edu.br\/unidades\/santaines\/wp-json\/wp\/v2\/posts\/8607\/revisions"}],"predecessor-version":[{"id":8611,"href":"https:\/\/www.ifbaiano.edu.br\/unidades\/santaines\/wp-json\/wp\/v2\/posts\/8607\/revisions\/8611"}],"wp:attachment":[{"href":"https:\/\/www.ifbaiano.edu.br\/unidades\/santaines\/wp-json\/wp\/v2\/media?parent=8607"}],"wp:term":[{"taxonomy":"category","embeddable":true,"href":"https:\/\/www.ifbaiano.edu.br\/unidades\/santaines\/wp-json\/wp\/v2\/categories?post=8607"},{"taxonomy":"post_tag","embeddable":true,"href":"https:\/\/www.ifbaiano.edu.br\/unidades\/santaines\/wp-json\/wp\/v2\/tags?post=8607"}],"curies":[{"name":"wp","href":"https:\/\/api.w.org\/{rel}","templated":true}]}}