{"id":8621,"date":"2017-08-18T16:45:37","date_gmt":"2017-08-18T19:45:37","guid":{"rendered":"http:\/\/www.ifbaiano.edu.br\/unidades\/santaines\/?p=8621"},"modified":"2017-08-29T07:59:12","modified_gmt":"2017-08-29T10:59:12","slug":"chamada-publica-no-022017-processo-de-dispensa-de-licitacao-2","status":"publish","type":"post","link":"https:\/\/www.ifbaiano.edu.br\/unidades\/santaines\/chamada-publica-no-022017-processo-de-dispensa-de-licitacao-2\/","title":{"rendered":"Chamada P\u00fablica N\u00ba 02\/2017 &#8211; Processo de Dispensa de Licita\u00e7\u00e3o"},"content":{"rendered":"<hr \/>\n<p style=\"text-align: justify\"><span style=\"font-family: 'Times New Roman', serif\"><span style=\"font-size: small\">O IF Baiano \u2013 Campus Santa In\u00eas , torna p\u00fablico, para conhecimento dos interessados, que realizar\u00e1 Chamada P\u00fablica para aquisi\u00e7\u00e3o de g\u00eaneros aliment\u00edcios da Agricultura Familiar para o atendimento ao Programa Nacional de Alimenta\u00e7\u00e3o Escolar &#8211; PNAE,<\/span><\/span><span style=\"font-family: 'Times New Roman', serif\"><span style=\"font-size: small\">\u00a0conforme condi\u00e7\u00f5es estabelecidas no\u00a0edital e em seus anexos disponibilizados.<\/span><\/span><\/p>\n<p style=\"text-align: justify\"><a href=\"http:\/\/www.ifbaiano.edu.br\/unidades\/santaines\/files\/2017\/08\/Edital-Chamada-P\u00fablica-02-2017-PNAE-1.pdf\" target=\"_blank\">EDITAL CHAMADA P\u00daBLICA 02\/2017\u00a0&#8211; PNAE<\/a><\/p>\n<p style=\"text-align: justify\"><a href=\"http:\/\/www.ifbaiano.edu.br\/unidades\/santaines\/files\/2017\/08\/ANEXO-II-MODELO-DE-PROJETO-DE-VENDAS-PARA-GRUPOS-FORMAIS.pdf\" target=\"_blank\">ANEXO II &#8211; MODELO DE PROJETO DE VENDAS PARA GRUPOS FORMAIS<\/a><\/p>\n<p style=\"text-align: justify\"><a href=\"http:\/\/www.ifbaiano.edu.br\/unidades\/santaines\/files\/2017\/08\/ANEXO-III-DECLARA\u00c7\u00c3O-DE-ORIGEM-DOS-PRODUTOS.pdf\" target=\"_blank\">ANEXO III &#8211; DECLARA\u00c7\u00c3O DE ORIGEM DOS PRODUTOS<\/a><\/p>\n<p style=\"text-align: justify\"><a href=\"http:\/\/www.ifbaiano.edu.br\/unidades\/santaines\/files\/2017\/08\/ANEXO-V-DECLARA\u00c7\u00c3O-CONTROLE-LIMITE-INDIVIDUAL-DE-VENDA.pdf\" target=\"_blank\">ANEXO V &#8211; DECLARA\u00c7\u00c3O CONTROLE LIMITE INDIVIDUAL DE VENDA<\/a><\/p>\n<hr \/>\n<p style=\"text-align: justify\"><a href=\"http:\/\/www.ifbaiano.edu.br\/unidades\/santaines\/files\/2017\/08\/AGRICULTURA-FAMILIAR.jpg\"><img decoding=\"async\" loading=\"lazy\" class=\"alignnone size-full wp-image-8626\" src=\"http:\/\/www.ifbaiano.edu.br\/unidades\/santaines\/files\/2017\/08\/AGRICULTURA-FAMILIAR.jpg\" alt=\"AGRICULTURA FAMILIAR\" width=\"837\" height=\"576\" \/><\/a><\/p>\n<p style=\"text-align: justify\"><span style=\"color: #ffffff\">&#8230;<\/span><\/p>\n<hr \/>\n<p style=\"text-align: justify\"><span style=\"color: #ffffff\">&#8230;<\/span><\/p>\n<p style=\"text-align: justify\">\n","protected":false},"excerpt":{"rendered":"<p>Aquisi\u00e7\u00e3o de g\u00eaneros aliment\u00edcios da agricultura familiar para o atendimento ao Programa Nacional de Alimenta\u00e7\u00e3o Escolar &#8211; PNAE<\/p>\n","protected":false},"author":86,"featured_media":0,"comment_status":"closed","ping_status":"closed","sticky":false,"template":"","format":"standard","meta":[],"categories":[4,5,10,8,57],"tags":[],"_links":{"self":[{"href":"https:\/\/www.ifbaiano.edu.br\/unidades\/santaines\/wp-json\/wp\/v2\/posts\/8621"}],"collection":[{"href":"https:\/\/www.ifbaiano.edu.br\/unidades\/santaines\/wp-json\/wp\/v2\/posts"}],"about":[{"href":"https:\/\/www.ifbaiano.edu.br\/unidades\/santaines\/wp-json\/wp\/v2\/types\/post"}],"author":[{"embeddable":true,"href":"https:\/\/www.ifbaiano.edu.br\/unidades\/santaines\/wp-json\/wp\/v2\/users\/86"}],"replies":[{"embeddable":true,"href":"https:\/\/www.ifbaiano.edu.br\/unidades\/santaines\/wp-json\/wp\/v2\/comments?post=8621"}],"version-history":[{"count":5,"href":"https:\/\/www.ifbaiano.edu.br\/unidades\/santaines\/wp-json\/wp\/v2\/posts\/8621\/revisions"}],"predecessor-version":[{"id":8636,"href":"https:\/\/www.ifbaiano.edu.br\/unidades\/santaines\/wp-json\/wp\/v2\/posts\/8621\/revisions\/8636"}],"wp:attachment":[{"href":"https:\/\/www.ifbaiano.edu.br\/unidades\/santaines\/wp-json\/wp\/v2\/media?parent=8621"}],"wp:term":[{"taxonomy":"category","embeddable":true,"href":"https:\/\/www.ifbaiano.edu.br\/unidades\/santaines\/wp-json\/wp\/v2\/categories?post=8621"},{"taxonomy":"post_tag","embeddable":true,"href":"https:\/\/www.ifbaiano.edu.br\/unidades\/santaines\/wp-json\/wp\/v2\/tags?post=8621"}],"curies":[{"name":"wp","href":"https:\/\/api.w.org\/{rel}","templated":true}]}}