{"id":8692,"date":"2017-10-19T09:00:17","date_gmt":"2017-10-19T12:00:17","guid":{"rendered":"http:\/\/www.ifbaiano.edu.br\/unidades\/santaines\/?p=8692"},"modified":"2017-10-19T08:59:46","modified_gmt":"2017-10-19T11:59:46","slug":"selecao-de-monitores-para-a-feira-de-saude-e-cidadania-do-campus-santa-ines","status":"publish","type":"post","link":"https:\/\/www.ifbaiano.edu.br\/unidades\/santaines\/selecao-de-monitores-para-a-feira-de-saude-e-cidadania-do-campus-santa-ines\/","title":{"rendered":"Feira de Sa\u00fade e Cidadania do Campus Santa In\u00eas"},"content":{"rendered":"<hr \/>\n<p style=\"text-align: justify\">\u00c9 com grande prazer que a Comiss\u00e3o Multiprofissional do Programa Pr\u00f3-Sa\u00fade convida toda comunidade acad\u00eamica do IF Baiano campus Santa In\u00eas para participar da \u201cFeira de Sa\u00fade e Cidadania 2017: Tecendo a\u00e7\u00f5es para o bem estar\u201d, a ser realizada no dia 04 de outubro de 2017 das 08h \u00e0s 21h.<\/p>\n<p style=\"text-align: justify\">O evento tem como objetivo envolver a comunidade acad\u00eamica em a\u00e7\u00f5es que visam a promo\u00e7\u00e3o de um estado de completo bem-estar f\u00edsico, mental, social e espiritual, bem como sensibilizar discentes e servidores na busca por seus direitos e pelo exerc\u00edcio de seus deveres no \u00e2mbito civil, pol\u00edtico e social.<\/p>\n<p style=\"text-align: justify\">A realiza\u00e7\u00e3o deste evento \u00e9 uma parceria da Comiss\u00e3o do Pr\u00f3-Sa\u00fade, Coordena\u00e7\u00e3o de Assuntos Estudantis &#8211; CAE e N\u00facleo Pr\u00f3-Sa\u00fade &#8211; NUPROS.<\/p>\n<hr \/>\n<p style=\"text-align: justify\"><strong>AQUI SER\u00c3O DISPONIBILIZADAS TODAS AS ETAPAS DO EVENTO.<\/strong><\/p>\n<hr \/>\n<p style=\"text-align: justify\">Foram disponibilizadas 30 (trinta) vagas para Monitores. As\u00a0inscri\u00e7\u00f5es para\u00a0sele\u00e7\u00e3o desses monitores aconteceram\u00a0no per\u00edodo de 11 a 18 de setembro de 2017, das 8h00min \u00e0s 12h00min e das 14h00min \u00e0s 16h00min, no \u00a0N\u00facleo de Apoio Pedag\u00f3gico e Psicossocial (NAPSI).<\/p>\n<p style=\"text-align: justify\"><!--more--><\/p>\n<p style=\"text-align: justify\"><strong><a href=\"http:\/\/www.ifbaiano.edu.br\/unidades\/santaines\/files\/2017\/09\/Programa\u00e7\u00e3o-Preliminar-Feira-de-Sa\u00fade.pdf\" target=\"_blank\">Confira a Programa\u00e7\u00e3o Preliminar<\/a><\/strong><\/p>\n<hr \/>\n<p style=\"text-align: justify\" align=\"left\"><span style=\"font-family: Arial, sans-serif\">Por solicita\u00e7\u00e3o do Gr\u00eamio Estudantil Carlos Lamarca, foi realizada a prorroga\u00e7\u00e3o das inscri\u00e7\u00f5es para a monitoria da Feira de Sa\u00fade e Cidadania, sendo necess\u00e1ria a retifica\u00e7\u00e3o do cronograma. Veja abaixo:<\/span><\/p>\n<p style=\"text-align: justify\" align=\"left\"><strong><a href=\"http:\/\/www.ifbaiano.edu.br\/unidades\/santaines\/files\/2017\/08\/Retifica\u00e7\u00e3o-Processo-seletivo-monitoria.pdf\">Retifica\u00e7\u00e3o Processo Seletivo Monitoria<\/a><\/strong><\/p>\n<hr \/>\n<p style=\"text-align: justify\"><strong><a href=\"http:\/\/www.ifbaiano.edu.br\/unidades\/santaines\/files\/2017\/09\/Cronograma-de-Entrevistas-Sele\u00e7\u00e3o-Monitoria-Feira-de-Sa\u00fade.pdf\" target=\"_blank\">Cronograma de Entrevistas para a Sele\u00e7\u00e3o de \u00a0Monitoria da Feira de Sa\u00fade<\/a><\/strong><\/p>\n<hr \/>\n<p style=\"text-align: justify\"><a href=\"http:\/\/www.ifbaiano.edu.br\/unidades\/santaines\/files\/2017\/09\/LISTA-DE-SELECIONADOS-PARA-MONITORIA.pdf\">Resultado \u00a0&#8211; L ISTA DE SELECIONADOS PARA MONITORIA<\/a>\u00a0 &#8211;\u00a0Feira de Sa\u00fade e Cidadania.<br \/>\n<span style=\"color: #ff0000\">Aten\u00e7\u00e3o<\/span>!\u00a0&#8220;Os candidatos aprovados devem comparecer ao N\u00facleo de Apoio Pedag\u00f3gico\u00a0e Psicossocial (NAPSI), conforme item 4.2. do Processo Seletivo, para assinar a Ficha de Cadastramento&#8221;.<\/p>\n<hr \/>\n<p><strong><span style=\"text-decoration: underline\">Informa\u00e7\u00e3o Importante<\/span><\/strong><\/p>\n<p style=\"text-align: justify\">Ser\u00e3o ofertados na Feira de Sa\u00fade e Cidadania, o servi\u00e7o de emiss\u00e3o de 2\u00aa via de RG e Carteira de Trabalho, <strong>este servi\u00e7o \u00e9 destinado exclusivamente para estudantes contemplados pelo PAISE<\/strong>, mesmo aqueles que se inscreveram para a sele\u00e7\u00e3o 2017.2. Os interessados devem consultar a <strong><a href=\"http:\/\/www.ifbaiano.edu.br\/unidades\/santaines\/files\/2017\/09\/FEIRA-DE-SAUDE.pdf\" target=\"_blank\">lista de documentos<\/a><\/strong>. Como s\u00f3 existe a disponibilidade de 50 vagas para cada documento, os estudantes interessados passar\u00e3o por uma pr\u00e9-sele\u00e7\u00e3o que ser\u00e1 realizada no NAPSI, na <span id=\"OBJ_PREFIX_DWT108_com_zimbra_date\" class=\"Object\"><span id=\"OBJ_PREFIX_DWT109_com_zimbra_date\" class=\"Object\">ter<\/span><\/span>\u00e7a-feira (<span id=\"OBJ_PREFIX_DWT105_com_zimbra_date\" class=\"Object\"><span id=\"OBJ_PREFIX_DWT106_com_zimbra_date\" class=\"Object\"><span id=\"OBJ_PREFIX_DWT110_com_zimbra_date\" class=\"Object\">03\/10\/2017),<\/span><\/span><\/span> das 13:30h \u00e0s 17:30h e \u00e0s 19:30h, o crit\u00e9rio de sele\u00e7\u00e3o ser\u00e1 estar dentro das vagas e com todos os documentos corretos.<\/p>\n<hr \/>\n<p style=\"text-align: justify\"><strong><a href=\"http:\/\/www.ifbaiano.edu.br\/unidades\/santaines\/files\/2017\/09\/Divulga\u00e7\u00e3o-das-Oficinas-e-Servi\u00e7os-dispon\u00edveis-na-Feira-de-Sa\u00fade-e-Cidadania.pdf\" target=\"_blank\">Oficinas e Servi\u00e7os dispon\u00edveis na Feira de Sa\u00fade e Cidadania<\/a><\/strong><\/p>\n<hr \/>\n<p style=\"text-align: justify\"><strong><a href=\"http:\/\/www.ifbaiano.edu.br\/unidades\/santaines\/files\/2017\/09\/Feira-de-Sa\u00fade-e-Cidadania-em-n\u00fameros.pdf\">Feira de Sa\u00fade e Cidadania em n\u00fameros<\/a>\u00a0<span style=\"color: #ff0000\">(novo)<\/span><\/strong><\/p>\n<hr \/>\n<p style=\"text-align: justify\">\n","protected":false},"excerpt":{"rendered":"<p>Acompanhe todos os acontecimentos sobre o Evento<\/p>\n","protected":false},"author":86,"featured_media":0,"comment_status":"closed","ping_status":"closed","sticky":false,"template":"","format":"standard","meta":[],"categories":[4,38,10,8,57],"tags":[],"_links":{"self":[{"href":"https:\/\/www.ifbaiano.edu.br\/unidades\/santaines\/wp-json\/wp\/v2\/posts\/8692"}],"collection":[{"href":"https:\/\/www.ifbaiano.edu.br\/unidades\/santaines\/wp-json\/wp\/v2\/posts"}],"about":[{"href":"https:\/\/www.ifbaiano.edu.br\/unidades\/santaines\/wp-json\/wp\/v2\/types\/post"}],"author":[{"embeddable":true,"href":"https:\/\/www.ifbaiano.edu.br\/unidades\/santaines\/wp-json\/wp\/v2\/users\/86"}],"replies":[{"embeddable":true,"href":"https:\/\/www.ifbaiano.edu.br\/unidades\/santaines\/wp-json\/wp\/v2\/comments?post=8692"}],"version-history":[{"count":25,"href":"https:\/\/www.ifbaiano.edu.br\/unidades\/santaines\/wp-json\/wp\/v2\/posts\/8692\/revisions"}],"predecessor-version":[{"id":9017,"href":"https:\/\/www.ifbaiano.edu.br\/unidades\/santaines\/wp-json\/wp\/v2\/posts\/8692\/revisions\/9017"}],"wp:attachment":[{"href":"https:\/\/www.ifbaiano.edu.br\/unidades\/santaines\/wp-json\/wp\/v2\/media?parent=8692"}],"wp:term":[{"taxonomy":"category","embeddable":true,"href":"https:\/\/www.ifbaiano.edu.br\/unidades\/santaines\/wp-json\/wp\/v2\/categories?post=8692"},{"taxonomy":"post_tag","embeddable":true,"href":"https:\/\/www.ifbaiano.edu.br\/unidades\/santaines\/wp-json\/wp\/v2\/tags?post=8692"}],"curies":[{"name":"wp","href":"https:\/\/api.w.org\/{rel}","templated":true}]}}