{"id":8716,"date":"2017-08-29T09:03:43","date_gmt":"2017-08-29T12:03:43","guid":{"rendered":"http:\/\/www.ifbaiano.edu.br\/unidades\/santaines\/?p=8716"},"modified":"2017-08-29T09:03:43","modified_gmt":"2017-08-29T12:03:43","slug":"if-baiano-e-credenciado-para-oferta-de-cursos-superiores-a-distancia","status":"publish","type":"post","link":"https:\/\/www.ifbaiano.edu.br\/unidades\/santaines\/if-baiano-e-credenciado-para-oferta-de-cursos-superiores-a-distancia\/","title":{"rendered":"IF Baiano \u00e9 credenciado para oferta de cursos superiores a dist\u00e2ncia"},"content":{"rendered":"<div id=\"tituloNoticia\"><\/div>\n<div id=\"textoNoticia\">\n<div class=\"addtoany_share_save_container addtoany_content_top\"><\/div>\n<div class=\"pf-content\">\n<hr \/>\n<p class=\"western\" style=\"text-align: justify\" align=\"JUSTIFY\">O Minist\u00e9rio da Educa\u00e7\u00e3o (MEC) publicou, no Di\u00e1rio Oficial da Uni\u00e3o do dia 15 de agosto,\u00a0<a href=\"http:\/\/pesquisa.in.gov.br\/imprensa\/jsp\/visualiza\/index.jsp?jornal=1&amp;pagina=15&amp;data=16\/08\/2017\" target=\"_blank\">uma portaria<\/a>\u00a0que credencia o IF Baiano para ofertar cursos superiores na modalidade a dist\u00e2ncia. De acordo com o documento, o recredenciamento deve ocorrer no prazo m\u00e1ximo de cinco anos.<\/p>\n<p class=\"western\" style=\"text-align: justify\" align=\"JUSTIFY\">A primeira oferta, no Instituto, ser\u00e1 o curso de \u201cEspecializa\u00e7\u00e3o em Educa\u00e7\u00e3o a Dist\u00e2ncia\u201d, coordenado pelo professor Andr\u00e9 Resende. De acordo com a Diretoria de Educa\u00e7\u00e3o a Dist\u00e2ncia (DEAD), o curso ser\u00e1 realizado atrav\u00e9s da plataforma\u00a0<i>Moodle,<\/i>com tr\u00eas encontros presenciais. O Projeto Pedag\u00f3gico do Curso j\u00e1 foi aprovado e as\u00a0<i>webaulas<\/i>\u00a0dever\u00e3o contar com recursos dispon\u00edveis no\u00a0Ambiente Virtual de Aprendizagem (AVA),\u00a0recursos dispon\u00edveis na\u00a0<i>internet<\/i>\u00a0e videoaulas.<\/p>\n<p class=\"western\" style=\"text-align: justify\" align=\"JUSTIFY\">Inicialmente, a especializa\u00e7\u00e3o ser\u00e1 ofertada no Centro de Refer\u00eancia 2 de Julho. \u201cAssim que ampliarmos a oferta, sim, expandiremos para os polos\u201d,\u00a0disse Amanda Nogueira, diretora da EAD.\u00a0Conforme a DEAD, existe tamb\u00e9m a inten\u00e7\u00e3o de ofertar um curso tecnol\u00f3gico e\u00a0um\u00a0de licenciatura. Para\u00a0capacitar\u00a0os servidores e professores do IF Baiano, haver\u00e1 dois cursos de autoaprendizagem sobre Educa\u00e7\u00e3o a Dist\u00e2ncia.<\/p>\n<p class=\"western\" style=\"text-align: justify\" align=\"JUSTIFY\"><b>Mudan\u00e7as\u00a0<\/b>\u2013 Em junho, o MEC publicou\u00a0<a href=\"http:\/\/pesquisa.in.gov.br\/imprensa\/jsp\/visualiza\/index.jsp?jornal=1&amp;pagina=9&amp;data=21\/06\/2017\" target=\"_blank\">uma portaria\u00a0<\/a>que permite o credenciamento de Institui\u00e7\u00f5es de Ensino Superior para cursos EaD, sem o credenciamento para cursos presenciais. O documento prev\u00ea que a institui\u00e7\u00f5es p\u00fablicas ficam automaticamente credenciadas para ofertas de cursos a dist\u00e2ncia, devendo o recredenciamento ocorrer em at\u00e9 cinco anos ap\u00f3s a oferta do primeiro curso.\u00a0(Saiba mais:<a href=\"http:\/\/portal.mec.gov.br\/busca-geral\/212-noticias\/educacao-superior-1690610854\/50451-mec-atualiza-regulamentacao-de-ead-e-amplia-a-oferta-de-cursos\" target=\"_blank\">\u00a0MEC atualiza regulamenta\u00e7\u00e3o de EaD e amplia oferta de cursos<\/a>)<\/p>\n<p class=\"western\" style=\"text-align: justify\" align=\"JUSTIFY\"><b>EAD no IF Baiano<\/b>\u00a0\u2013 Atualmente, s\u00e3o dois cursos t\u00e9cnicos de n\u00edvel m\u00e9dio na\u00a0modalidade\u00a0a dist\u00e2ncia: Secretaria Escolar e Vendas. S\u00e3o 1481 estudantes, em 22 polos, na Bahia.<\/p>\n<hr \/>\n<p class=\"western\" align=\"JUSTIFY\">Dispon\u00edvel em:\u00a0http:\/\/ifbaiano.edu.br\/portal\/blog\/2017\/08\/24\/if-baiano-e-credenciado-para-oferta-de-cursos-superiores-a-distancia\/<\/p>\n<\/div>\n<\/div>\n","protected":false},"excerpt":{"rendered":"<p>O recredenciamento deve ocorrer no prazo de cinco anos.<\/p>\n","protected":false},"author":86,"featured_media":0,"comment_status":"closed","ping_status":"closed","sticky":false,"template":"","format":"standard","meta":[],"categories":[4,10,57],"tags":[],"_links":{"self":[{"href":"https:\/\/www.ifbaiano.edu.br\/unidades\/santaines\/wp-json\/wp\/v2\/posts\/8716"}],"collection":[{"href":"https:\/\/www.ifbaiano.edu.br\/unidades\/santaines\/wp-json\/wp\/v2\/posts"}],"about":[{"href":"https:\/\/www.ifbaiano.edu.br\/unidades\/santaines\/wp-json\/wp\/v2\/types\/post"}],"author":[{"embeddable":true,"href":"https:\/\/www.ifbaiano.edu.br\/unidades\/santaines\/wp-json\/wp\/v2\/users\/86"}],"replies":[{"embeddable":true,"href":"https:\/\/www.ifbaiano.edu.br\/unidades\/santaines\/wp-json\/wp\/v2\/comments?post=8716"}],"version-history":[{"count":1,"href":"https:\/\/www.ifbaiano.edu.br\/unidades\/santaines\/wp-json\/wp\/v2\/posts\/8716\/revisions"}],"predecessor-version":[{"id":8717,"href":"https:\/\/www.ifbaiano.edu.br\/unidades\/santaines\/wp-json\/wp\/v2\/posts\/8716\/revisions\/8717"}],"wp:attachment":[{"href":"https:\/\/www.ifbaiano.edu.br\/unidades\/santaines\/wp-json\/wp\/v2\/media?parent=8716"}],"wp:term":[{"taxonomy":"category","embeddable":true,"href":"https:\/\/www.ifbaiano.edu.br\/unidades\/santaines\/wp-json\/wp\/v2\/categories?post=8716"},{"taxonomy":"post_tag","embeddable":true,"href":"https:\/\/www.ifbaiano.edu.br\/unidades\/santaines\/wp-json\/wp\/v2\/tags?post=8716"}],"curies":[{"name":"wp","href":"https:\/\/api.w.org\/{rel}","templated":true}]}}