{"id":8718,"date":"2017-09-12T08:37:00","date_gmt":"2017-09-12T11:37:00","guid":{"rendered":"http:\/\/www.ifbaiano.edu.br\/unidades\/santaines\/?p=8718"},"modified":"2017-09-19T08:57:41","modified_gmt":"2017-09-19T11:57:41","slug":"if-baiano-lanca-processo-de-ingresso-de-estudantes-em-cursos-tecnicos","status":"publish","type":"post","link":"https:\/\/www.ifbaiano.edu.br\/unidades\/santaines\/if-baiano-lanca-processo-de-ingresso-de-estudantes-em-cursos-tecnicos\/","title":{"rendered":"IF Baiano lan\u00e7a Processo de Ingresso de Estudantes em cursos t\u00e9cnicos"},"content":{"rendered":"<hr \/>\n<div id=\"tituloNoticia\"><\/div>\n<div class=\"imagem-data-publicacao\"><\/div>\n<div id=\"textoNoticia\">\n<div class=\"addtoany_share_save_container addtoany_content_top\">\n<div id=\"\" class=\"a2a_kit addtoany_list a2a_target\" style=\"text-align: justify\">J\u00e1 est\u00e1 dispon\u00edvel o\u00a0<b><a href=\"http:\/\/ifbaiano.edu.br\/portal\/ingresso-de-estudantes-2018\/wp-content\/uploads\/sites\/39\/2017\/08\/PIE-2018-vers%C3%A3o-final-revisada.pdf\" target=\"_blank\">Edital 114\/2017<\/a><\/b>, o qual\u00a0orienta o Processo de Ingresso de Estudantes (PIE) nos cursos t\u00e9cnicos de n\u00edvel m\u00e9dio do Instituto Federal de Educa\u00e7\u00e3o, Ci\u00eancia e Tecnologia Baiano (IF Baiano). Est\u00e3o sendo ofertadas 2.910 vagas em 15 cursos t\u00e9cnicos de n\u00edvel m\u00e9dio, nas formas de articula\u00e7\u00e3o Integrada e Subsequente, distribu\u00eddas entre 14\u00a0<i>campi<\/i>\u00a0do IF Baiano.<\/div>\n<\/div>\n<div class=\"pf-content\">\n<p class=\"western\" style=\"text-align: justify\">Interessados podem se inscrever de 1\u00b0 de setembro a 09 de outubro de 2017. A inscri\u00e7\u00e3o \u00e9 gratuita e ocorre em duas etapas: os candidatos dever\u00e3o preencher o formul\u00e1rio de inscri\u00e7\u00e3o online e, logo ap\u00f3s, entregar a documenta\u00e7\u00e3o exigida no Edital, presencialmente ou enviar as c\u00f3pias via Correios, na unidade para a qual fez a op\u00e7\u00e3o de curso.<\/p>\n<p class=\"western\" style=\"text-align: justify\">Link para inscri\u00e7\u00e3o e a lista de cursos ofertados no Processo de Ingresso 2018 est\u00e3o dispon\u00edveis\u00a0na<b>\u00a0<a href=\"http:\/\/ifbaiano.edu.br\/portal\/ingresso-de-estudantes-2018\/\" target=\"_blank\">p\u00e1gina oficial<\/a>\u00a0<\/b>do certame.<\/p>\n<p class=\"western\" style=\"text-align: justify\">O crit\u00e9rio adotado para a classifica\u00e7\u00e3o dos candidatos ser\u00e1 An\u00e1lise de Desempenho Escolar nas disciplinas de L\u00edngua Portuguesa e Matem\u00e1tica no Ensino M\u00e9dio (para cursos da forma Subsequente) e no Ensino Fundamental (para cursos da forma Integrada).<\/p>\n<p class=\"western\" style=\"text-align: justify\"><strong>Reserva de Vagas<\/strong>\u00a0 \u2013 O Processo de Ingresso de Estudantes do IF Baiano reserva 70% das vagas ofertadas para estudantes oriundos de Escola P\u00fablica, 25% para Ampla Concorr\u00eancia e 5% para Pessoas com Defici\u00eancia.<\/p>\n<p class=\"western\" style=\"text-align: justify\">Em caso de d\u00favidas sobre o processo seletivo,\u00a0entre em contato atrav\u00e9s do e-mail <span style=\"text-decoration: underline\"><span style=\"color: #0000ff;text-decoration: underline\">ingressos@ifbaiano.edu.br<\/span><\/span>.<\/p>\n<hr \/>\n<p class=\"western\">\n<\/div>\n<p class=\"western\">Link da not\u00edcia:\u00a0http:\/\/ifbaiano.edu.br\/portal\/blog\/2017\/08\/29\/if-baiano-lanca-processo-de-ingresso-de-estudantes-em-cursos-tecnicos\/<\/p>\n<\/div>\n","protected":false},"excerpt":{"rendered":"<p>As inscri\u00e7\u00f5es j\u00e1 come\u00e7aram!<\/p>\n","protected":false},"author":86,"featured_media":0,"comment_status":"closed","ping_status":"closed","sticky":false,"template":"","format":"standard","meta":[],"categories":[4,13,5,10,8,57],"tags":[],"_links":{"self":[{"href":"https:\/\/www.ifbaiano.edu.br\/unidades\/santaines\/wp-json\/wp\/v2\/posts\/8718"}],"collection":[{"href":"https:\/\/www.ifbaiano.edu.br\/unidades\/santaines\/wp-json\/wp\/v2\/posts"}],"about":[{"href":"https:\/\/www.ifbaiano.edu.br\/unidades\/santaines\/wp-json\/wp\/v2\/types\/post"}],"author":[{"embeddable":true,"href":"https:\/\/www.ifbaiano.edu.br\/unidades\/santaines\/wp-json\/wp\/v2\/users\/86"}],"replies":[{"embeddable":true,"href":"https:\/\/www.ifbaiano.edu.br\/unidades\/santaines\/wp-json\/wp\/v2\/comments?post=8718"}],"version-history":[{"count":10,"href":"https:\/\/www.ifbaiano.edu.br\/unidades\/santaines\/wp-json\/wp\/v2\/posts\/8718\/revisions"}],"predecessor-version":[{"id":8772,"href":"https:\/\/www.ifbaiano.edu.br\/unidades\/santaines\/wp-json\/wp\/v2\/posts\/8718\/revisions\/8772"}],"wp:attachment":[{"href":"https:\/\/www.ifbaiano.edu.br\/unidades\/santaines\/wp-json\/wp\/v2\/media?parent=8718"}],"wp:term":[{"taxonomy":"category","embeddable":true,"href":"https:\/\/www.ifbaiano.edu.br\/unidades\/santaines\/wp-json\/wp\/v2\/categories?post=8718"},{"taxonomy":"post_tag","embeddable":true,"href":"https:\/\/www.ifbaiano.edu.br\/unidades\/santaines\/wp-json\/wp\/v2\/tags?post=8718"}],"curies":[{"name":"wp","href":"https:\/\/api.w.org\/{rel}","templated":true}]}}