{"id":8750,"date":"2017-09-01T17:12:36","date_gmt":"2017-09-01T20:12:36","guid":{"rendered":"http:\/\/www.ifbaiano.edu.br\/unidades\/santaines\/?p=8750"},"modified":"2017-09-04T16:26:56","modified_gmt":"2017-09-04T19:26:56","slug":"campus-santa-ines-desenvolve-atividades-em-referencia-ao-setembro-amarelo","status":"publish","type":"post","link":"https:\/\/www.ifbaiano.edu.br\/unidades\/santaines\/campus-santa-ines-desenvolve-atividades-em-referencia-ao-setembro-amarelo\/","title":{"rendered":"Campus Santa In\u00eas desenvolve atividades em refer\u00eancia ao Setembro Amarelo"},"content":{"rendered":"<div>\n<hr \/>\n<\/div>\n<div style=\"text-align: justify\">A Comiss\u00e3o Multiprofissional do Programa Pr\u00f3-Sa\u00fade do\u00a0<em>campus<\/em>\u00a0Santa In\u00eas organizou, para sua comunidade acad\u00eamica, atividades a serem desenvolvidas no m\u00eas de setembro, em refer\u00eancia ao Setembro Amarelo.<\/div>\n<div style=\"text-align: justify\"><span style=\"color: #ffffff\">&#8230;<\/span><br \/>\nO Setembro Amarelo \u00e9 uma campanha de conscientiza\u00e7\u00e3o sobre a preven\u00e7\u00e3o do suic\u00eddio, com o objetivo direto de alertar a popula\u00e7\u00e3o a respeito da realidade do suic\u00eddio no Brasil e no mundo e suas formas de preven\u00e7\u00e3o.<\/div>\n<div style=\"text-align: justify\">\n<hr \/>\n<\/div>\n<h2>Veja mais informa\u00e7\u00f5es <a href=\"http:\/\/www.ifbaiano.edu.br\/unidades\/santaines\/files\/2017\/09\/FOLDER-Setembro-Amarelo-IF-Baiano-Campus-Santa-In\u00eas.pdf\">AQUI<\/a><\/h2>\n<div>\n<hr \/>\n<\/div>\n<div><\/div>\n<div><\/div>\n<div>\n<table width=\"100%\" cellspacing=\"0\" cellpadding=\"4\">\n<colgroup>\n<col width=\"256*\" \/> <\/colgroup>\n<tbody>\n<tr>\n<td valign=\"top\" width=\"100%\">\u00a0<a href=\"http:\/\/www.ifbaiano.edu.br\/unidades\/santaines\/files\/2017\/09\/convite-setembro-amarelo-2.jpg\"><img decoding=\"async\" loading=\"lazy\" class=\"alignnone wp-image-8757\" src=\"http:\/\/www.ifbaiano.edu.br\/unidades\/santaines\/files\/2017\/09\/convite-setembro-amarelo-2.jpg\" alt=\"convite setembro amarelo\" width=\"804\" height=\"568\" \/><\/a><\/td>\n<\/tr>\n<tr>\n<td valign=\"top\" width=\"100%\"><\/td>\n<\/tr>\n<\/tbody>\n<\/table>\n<\/div>\n<div><\/div>\n<div><\/div>\n<div>\n<div>\n<hr \/>\n<\/div>\n<div>Emily L. Carvalho<br \/>\nEnfermeira IFBaiano Campus Santa In\u00eas<br \/>\nCoordenadora da Comiss\u00e3o Multiprofissional do Programa Pr\u00f3-Sa\u00fade<br \/>\nContato (73) 3536-1210 Ramal 28<\/div>\n<div>\n<hr \/>\n<\/div>\n<\/div>\n","protected":false},"excerpt":{"rendered":"<p>Dentre as atividades a serem realizadas, ser\u00e3o feitas distribui\u00e7\u00e3o de informativos, sess\u00f5es de cinema tem\u00e1ticas e uma Roda de Conversa no dia 20\/09\/2017 \u00e0s 15h30min, no Audit\u00f3rio da Biblioteca do Campus.<\/p>\n","protected":false},"author":86,"featured_media":0,"comment_status":"closed","ping_status":"closed","sticky":false,"template":"","format":"standard","meta":[],"categories":[4,38,19,5,37,10,57],"tags":[],"_links":{"self":[{"href":"https:\/\/www.ifbaiano.edu.br\/unidades\/santaines\/wp-json\/wp\/v2\/posts\/8750"}],"collection":[{"href":"https:\/\/www.ifbaiano.edu.br\/unidades\/santaines\/wp-json\/wp\/v2\/posts"}],"about":[{"href":"https:\/\/www.ifbaiano.edu.br\/unidades\/santaines\/wp-json\/wp\/v2\/types\/post"}],"author":[{"embeddable":true,"href":"https:\/\/www.ifbaiano.edu.br\/unidades\/santaines\/wp-json\/wp\/v2\/users\/86"}],"replies":[{"embeddable":true,"href":"https:\/\/www.ifbaiano.edu.br\/unidades\/santaines\/wp-json\/wp\/v2\/comments?post=8750"}],"version-history":[{"count":8,"href":"https:\/\/www.ifbaiano.edu.br\/unidades\/santaines\/wp-json\/wp\/v2\/posts\/8750\/revisions"}],"predecessor-version":[{"id":8770,"href":"https:\/\/www.ifbaiano.edu.br\/unidades\/santaines\/wp-json\/wp\/v2\/posts\/8750\/revisions\/8770"}],"wp:attachment":[{"href":"https:\/\/www.ifbaiano.edu.br\/unidades\/santaines\/wp-json\/wp\/v2\/media?parent=8750"}],"wp:term":[{"taxonomy":"category","embeddable":true,"href":"https:\/\/www.ifbaiano.edu.br\/unidades\/santaines\/wp-json\/wp\/v2\/categories?post=8750"},{"taxonomy":"post_tag","embeddable":true,"href":"https:\/\/www.ifbaiano.edu.br\/unidades\/santaines\/wp-json\/wp\/v2\/tags?post=8750"}],"curies":[{"name":"wp","href":"https:\/\/api.w.org\/{rel}","templated":true}]}}