{"id":876,"date":"2011-12-29T08:55:35","date_gmt":"2011-12-29T11:55:35","guid":{"rendered":"http:\/\/www.ifbaiano.edu.br\/unidades\/santaines\/?p=876"},"modified":"2011-12-29T08:55:35","modified_gmt":"2011-12-29T11:55:35","slug":"professora-e-alunos-do-if-baiano-campus-santa-ines-participaram-de-evento-na-uesb-em-vitoria-da-conquista-2","status":"publish","type":"post","link":"https:\/\/www.ifbaiano.edu.br\/unidades\/santaines\/professora-e-alunos-do-if-baiano-campus-santa-ines-participaram-de-evento-na-uesb-em-vitoria-da-conquista-2\/","title":{"rendered":"Professora e alunos do IF Baiano Campus Santa In\u00eas participaram de evento na Uesb em Vit\u00f3ria da Conquista"},"content":{"rendered":"<p>Professora e alunos do curso de Licenciatura em Geografia do IFBAIANO Campus Santa In\u00eas participaram do III Simp\u00f3sio de Ensino e Aprendizagem em Geografia que ocorreu entre 12 a 15 de dezembro na Universidade do Sudoeste da Bahia (UESB) Campus Vit\u00f3ria da Conquista.<\/p>\n<div id=\"attachment_829\" style=\"width: 310px\" class=\"wp-caption alignleft\"><a href=\"http:\/\/www.ifbaiano.edu.br\/unidades\/santaines\/files\/2011\/12\/AA.jpg\"><img aria-describedby=\"caption-attachment-829\" decoding=\"async\" loading=\"lazy\" class=\"size-medium wp-image-829\" src=\"http:\/\/www.ifbaiano.edu.br\/unidades\/santaines\/files\/2011\/12\/AA-300x225.jpg\" alt=\"\" width=\"300\" height=\"225\" srcset=\"https:\/\/www.ifbaiano.edu.br\/unidades\/santaines\/files\/2011\/12\/AA-300x225.jpg 300w, https:\/\/www.ifbaiano.edu.br\/unidades\/santaines\/files\/2011\/12\/AA-400x300.jpg 400w, https:\/\/www.ifbaiano.edu.br\/unidades\/santaines\/files\/2011\/12\/AA.jpg 1024w\" sizes=\"(max-width: 300px) 100vw, 300px\" \/><\/a><p id=\"caption-attachment-829\" class=\"wp-caption-text\">Profa. Ms. Isabela Albuquerque participa de debate<\/p><\/div>\n<p>Na oportunidade, a Profa. Ms. Isabela Albuquerque foi convidada para debater sobre \u201cOs diferentes discursos da Geografia: o vi\u00e9s acad\u00eamico e o vi\u00e9s escolar\u201d juntamente com a Profa. Dr\u00aa. Maria In\u00eas Carvalho (UFBA) e a Profa. Esp. Gaetana de Brito Palladino Pereira (UESB). O IFBAIANO Campus Santa In\u00eas tamb\u00e9m foi representado pelos alunos Rafael da Silva Argolo e Marcos Antonio Santo dos Santos, que apresentaram a Comunica\u00e7\u00e3o Cient\u00edfica intitulada \u201cO ensino nas escolas de Santa In\u00eas-Vale do Jiquiri\u00e7\u00e1\/BA: a import\u00e2ncia social do conhecimento Geogr\u00e1fico\u201d, orientado pela Profa. Ms. Isabela Albuquerque e Profa. Ms. Aline dos Santos Lima.<\/p>\n","protected":false},"excerpt":{"rendered":"<p>Professora e alunos do curso de Licenciatura em Geografia do IFBAIANO Campus Santa In\u00eas participaram do III Simp\u00f3sio de Ensino e Aprendizagem em Geografia que ocorreu entre 12 a 15 de dezembro na Universidade do Sudoeste da Bahia (UESB) Campus Vit\u00f3ria da Conquista. Na oportunidade, a Profa. Ms. Isabela Albuquerque foi convidada para debater sobre [&hellip;]<\/p>\n","protected":false},"author":26,"featured_media":0,"comment_status":"closed","ping_status":"closed","sticky":false,"template":"","format":"standard","meta":[],"categories":[10],"tags":[],"_links":{"self":[{"href":"https:\/\/www.ifbaiano.edu.br\/unidades\/santaines\/wp-json\/wp\/v2\/posts\/876"}],"collection":[{"href":"https:\/\/www.ifbaiano.edu.br\/unidades\/santaines\/wp-json\/wp\/v2\/posts"}],"about":[{"href":"https:\/\/www.ifbaiano.edu.br\/unidades\/santaines\/wp-json\/wp\/v2\/types\/post"}],"author":[{"embeddable":true,"href":"https:\/\/www.ifbaiano.edu.br\/unidades\/santaines\/wp-json\/wp\/v2\/users\/26"}],"replies":[{"embeddable":true,"href":"https:\/\/www.ifbaiano.edu.br\/unidades\/santaines\/wp-json\/wp\/v2\/comments?post=876"}],"version-history":[{"count":2,"href":"https:\/\/www.ifbaiano.edu.br\/unidades\/santaines\/wp-json\/wp\/v2\/posts\/876\/revisions"}],"predecessor-version":[{"id":878,"href":"https:\/\/www.ifbaiano.edu.br\/unidades\/santaines\/wp-json\/wp\/v2\/posts\/876\/revisions\/878"}],"wp:attachment":[{"href":"https:\/\/www.ifbaiano.edu.br\/unidades\/santaines\/wp-json\/wp\/v2\/media?parent=876"}],"wp:term":[{"taxonomy":"category","embeddable":true,"href":"https:\/\/www.ifbaiano.edu.br\/unidades\/santaines\/wp-json\/wp\/v2\/categories?post=876"},{"taxonomy":"post_tag","embeddable":true,"href":"https:\/\/www.ifbaiano.edu.br\/unidades\/santaines\/wp-json\/wp\/v2\/tags?post=876"}],"curies":[{"name":"wp","href":"https:\/\/api.w.org\/{rel}","templated":true}]}}