{"id":8765,"date":"2017-09-04T17:20:21","date_gmt":"2017-09-04T20:20:21","guid":{"rendered":"http:\/\/www.ifbaiano.edu.br\/unidades\/santaines\/?p=8765"},"modified":"2017-09-12T08:38:59","modified_gmt":"2017-09-12T11:38:59","slug":"ingresso-de-estudantes-no-curso-tecnico-em-informatica","status":"publish","type":"post","link":"https:\/\/www.ifbaiano.edu.br\/unidades\/santaines\/ingresso-de-estudantes-no-curso-tecnico-em-informatica\/","title":{"rendered":"Ingresso de Estudantes no Curso T\u00e9cnico em Inform\u00e1tica"},"content":{"rendered":"<hr \/>\n<p>&nbsp;<\/p>\n<p><a href=\"http:\/\/www.ifbaiano.edu.br\/unidades\/santaines\/files\/2017\/09\/RELA\u00c7\u00c3O-DOS-CANDIDATOS-COM-A-MATR\u00cdCULA-DEFERIDA-INFORM\u00c1TICA-3-1.pdf\" target=\"_blank\">CLIQUE AQUI <\/a>\u00a0e veja a Rela\u00e7\u00e3o dos Candidatos com a Matr\u00edcula Deferida no Processo Seletivo para\u00a0Ingresso de Estudantes no Curso T\u00e9cnico em Inform\u00e1tica.<\/p>\n<p style=\"text-align: justify\">Rela\u00e7\u00e3o referente aos Editais n\u00ba\u00a064\/2016, 12\/2017 e 41\/2017<\/p>\n<hr \/>\n<p>&nbsp;<\/p>\n","protected":false},"excerpt":{"rendered":"<p>&nbsp; CLIQUE AQUI \u00a0e veja a Rela\u00e7\u00e3o dos Candidatos com a Matr\u00edcula Deferida no Processo Seletivo para\u00a0Ingresso de Estudantes no Curso T\u00e9cnico em Inform\u00e1tica. Rela\u00e7\u00e3o referente aos Editais n\u00ba\u00a064\/2016, 12\/2017 e 41\/2017 &nbsp;<\/p>\n","protected":false},"author":86,"featured_media":0,"comment_status":"closed","ping_status":"closed","sticky":false,"template":"","format":"standard","meta":[],"categories":[4,5,10,8,57],"tags":[],"_links":{"self":[{"href":"https:\/\/www.ifbaiano.edu.br\/unidades\/santaines\/wp-json\/wp\/v2\/posts\/8765"}],"collection":[{"href":"https:\/\/www.ifbaiano.edu.br\/unidades\/santaines\/wp-json\/wp\/v2\/posts"}],"about":[{"href":"https:\/\/www.ifbaiano.edu.br\/unidades\/santaines\/wp-json\/wp\/v2\/types\/post"}],"author":[{"embeddable":true,"href":"https:\/\/www.ifbaiano.edu.br\/unidades\/santaines\/wp-json\/wp\/v2\/users\/86"}],"replies":[{"embeddable":true,"href":"https:\/\/www.ifbaiano.edu.br\/unidades\/santaines\/wp-json\/wp\/v2\/comments?post=8765"}],"version-history":[{"count":3,"href":"https:\/\/www.ifbaiano.edu.br\/unidades\/santaines\/wp-json\/wp\/v2\/posts\/8765\/revisions"}],"predecessor-version":[{"id":8769,"href":"https:\/\/www.ifbaiano.edu.br\/unidades\/santaines\/wp-json\/wp\/v2\/posts\/8765\/revisions\/8769"}],"wp:attachment":[{"href":"https:\/\/www.ifbaiano.edu.br\/unidades\/santaines\/wp-json\/wp\/v2\/media?parent=8765"}],"wp:term":[{"taxonomy":"category","embeddable":true,"href":"https:\/\/www.ifbaiano.edu.br\/unidades\/santaines\/wp-json\/wp\/v2\/categories?post=8765"},{"taxonomy":"post_tag","embeddable":true,"href":"https:\/\/www.ifbaiano.edu.br\/unidades\/santaines\/wp-json\/wp\/v2\/tags?post=8765"}],"curies":[{"name":"wp","href":"https:\/\/api.w.org\/{rel}","templated":true}]}}